{"id":952,"date":"2010-06-19T22:00:34","date_gmt":"2010-06-19T21:00:34","guid":{"rendered":"http:\/\/www.faszination-klettersteig.de\/wordpress\/?p=952"},"modified":"2013-10-13T07:58:26","modified_gmt":"2013-10-13T06:58:26","slug":"bodenschneid-am-19-06-2010","status":"publish","type":"post","link":"http:\/\/www.faszination-klettersteig.de\/wordpress\/2010\/06\/19\/bodenschneid-am-19-06-2010\/","title":{"rendered":"Bodenschneid-Runde am 19.06.2010"},"content":{"rendered":"<p>Start war heute zusammen mit Ines, Daniel und 9 weiteren Aspiranten auf ein \u201eDeutsches Schwimmabzeichen\u201c\u00a0 sowie zwei Hunden am Wanderparkplatz (ca. 850m) in Neuhaus. Bewaffnet mit Regenschirmen\/-jacken und allem anderen, das Wasser irgendwie abh\u00e4lt \u2026 oder abhalten soll, zogen wir zun\u00e4chst in Richtung Bodenschneidhaus los.<\/p>\n<p>Kurz vor der Raineralm (1.257m) ging es dann vom Fahrweg ab ins Gel\u00e4nde. Wegloser Direktaufstieg durch die Steilgrasflanke und Latschenverwuchs auf den Rainerkopf (1.463m). Am Gipfel nur kurze Pause, da nicht viel Platz f\u00fcr 32 Beine . Auf dem Anstiegsweg ein kurzes St\u00fcck zur\u00fcck und dem Kammverlauf weiter folgend \u00fcber Wasserspitz (1.552m) \u2026 machte ihrem Namen heute alle Ehre \u2026 und Rinnerspitz (1.611m). Nach einem kurzen Umweg zur Begutachtung der Kletterrouten an den Bodenschneidt\u00fcrmen dann Brotzeit auf dem Gipfel der Bodenschneid (1.668m). Dort erste Begegnung von anderen \u201eFreischwimmern\u201c.<\/p>\n<p>Da mittlerweile zum Wasser (von oben und unten) und der K\u00e4lte auch noch unangenehmer Wind dazu kam, folgte ein schneller Abstieg zum Bodenschneidhaus (1.353m) \u2026 dort l\u00e4ngere Einkehr und gemeinschaftliches Trocknen am gut eingesch\u00fcrten Schwedenofen. Obwohl keiner Lust dazu hatte, mussten wir dann doch \u2013 immer noch bei Dauerregen \u2013 den Abstieg zum Parkplatz antreten.<\/p>\n<p><em>+++ gesamt 1050 Hm +++<\/em><\/p>\n<p>\u2026 besser als zuhause \u201arumhocken.<br \/>\n\u2026 und trotzdem: \u201eEs kann nur noch besser werden !!!\u201c<\/p>\n<p>Tom<\/p>\n<div id=\"wp_fb_like_button\" style=\"margin:5px 5px 5px 0;float:left;height:100px;\"><script src=\"http:\/\/connect.facebook.net\/en_US\/all.js#xfbml=1\"><\/script><fb:like href=\"http:\/\/www.faszination-klettersteig.de\/wordpress\/2010\/06\/19\/bodenschneid-am-19-06-2010\/\" send=\"false\" layout=\"button_count\" width=\"400\" show_faces=\"true\" font=\"arial\" action=\"like\" colorscheme=\"dark\"><\/fb:like><\/div>","protected":false},"excerpt":{"rendered":"<p>Start war heute zusammen mit Ines, Daniel und 9 weiteren Aspiranten auf ein \u201eDeutsches Schwimmabzeichen\u201c\u00a0 sowie zwei Hunden am Wanderparkplatz (ca. 850m) in Neuhaus. Bewaffnet mit Regenschirmen\/-jacken und allem anderen, das Wasser irgendwie abh\u00e4lt \u2026 oder abhalten soll, zogen wir zun\u00e4chst in Richtung Bodenschneidhaus los. Kurz vor der Raineralm (1.257m) ging es dann vom Fahrweg&hellip;<\/p>\n","protected":false},"author":1,"featured_media":0,"comment_status":"closed","ping_status":"closed","sticky":false,"template":"","format":"standard","meta":{"_mi_skip_tracking":false},"categories":[139],"tags":[197,194,196,195],"_links":{"self":[{"href":"http:\/\/www.faszination-klettersteig.de\/wordpress\/wp-json\/wp\/v2\/posts\/952"}],"collection":[{"href":"http:\/\/www.faszination-klettersteig.de\/wordpress\/wp-json\/wp\/v2\/posts"}],"about":[{"href":"http:\/\/www.faszination-klettersteig.de\/wordpress\/wp-json\/wp\/v2\/types\/post"}],"author":[{"embeddable":true,"href":"http:\/\/www.faszination-klettersteig.de\/wordpress\/wp-json\/wp\/v2\/users\/1"}],"replies":[{"embeddable":true,"href":"http:\/\/www.faszination-klettersteig.de\/wordpress\/wp-json\/wp\/v2\/comments?post=952"}],"version-history":[{"count":1,"href":"http:\/\/www.faszination-klettersteig.de\/wordpress\/wp-json\/wp\/v2\/posts\/952\/revisions"}],"predecessor-version":[{"id":2107,"href":"http:\/\/www.faszination-klettersteig.de\/wordpress\/wp-json\/wp\/v2\/posts\/952\/revisions\/2107"}],"wp:attachment":[{"href":"http:\/\/www.faszination-klettersteig.de\/wordpress\/wp-json\/wp\/v2\/media?parent=952"}],"wp:term":[{"taxonomy":"category","embeddable":true,"href":"http:\/\/www.faszination-klettersteig.de\/wordpress\/wp-json\/wp\/v2\/categories?post=952"},{"taxonomy":"post_tag","embeddable":true,"href":"http:\/\/www.faszination-klettersteig.de\/wordpress\/wp-json\/wp\/v2\/tags?post=952"}],"curies":[{"name":"wp","href":"https:\/\/api.w.org\/{rel}","templated":true}]}}