{"id":890,"date":"2009-07-19T22:00:17","date_gmt":"2009-07-19T21:00:17","guid":{"rendered":"http:\/\/www.faszination-klettersteig.de\/wordpress\/?p=890"},"modified":"2013-10-13T07:59:08","modified_gmt":"2013-10-13T06:59:08","slug":"zahmer-kaiser-am-19-07-2009","status":"publish","type":"post","link":"http:\/\/www.faszination-klettersteig.de\/wordpress\/2009\/07\/19\/zahmer-kaiser-am-19-07-2009\/","title":{"rendered":"Genusstour durch den Zahmen Kaiser am 19.07.2009"},"content":{"rendered":"<p>Nach fast 5 Monaten \u201eKaiser-Abstinenz\u201c sollte es heute mal wieder soweit sein. Aufgrund des Schneefalls am Vortag war der Zahme Kaiser genau das richtige Gebiet f\u00fcr eine \u201eTagestour f\u00fcr Sp\u00e4taufsteher\u201c.<\/p>\n<p>Start vom Kaisertal-Parkplatz in Kufstein\/Sparchen \u2013 nat\u00fcrlich zusammen mit Ines und unserem Leihhund \u00bbHugo\u00ab.<\/p>\n<p>Auf der Sparchenstiege (Treppe) ins Kaisertal gleich die erste \u00dcberraschung \u2026 Fahrradverbot im Kaisertal, und dann bauen die extra eine Rampe auf die Treppe, oder ist die f\u00fcr Kinderw\u00e4gen \u2026 scheinbar richten sie die Treppe wieder her, da sie vom Regen ganz sch\u00f6n ausgesp\u00fclt war.<\/p>\n<p>Zweite \u00dcberraschung \u2013 wie gesagt, wir waren schon l\u00e4nger nicht mehr im Kaiser \u2013 der Weg wurde auch hergerichtet \u2026 mit feinem Split und offensichtlich richtig festgewalzt \u2026 schade, dass man da nicht Fahrrad fahren darf.<\/p>\n<p>Na ja, \u00fcber den steilen Forstweg ging es weiter nach oben \u2026 an der Ritzau-Alm (1.161m) und der Vorderkaiserfeldenh\u00fctte (1.384m) vorbei. Die zwei kurzen Abstecher zur Naunspitze (1.633m) und zum Petersk\u00f6pfl (1.745m) noch schnell mitgenommen und weiter \u00fcber die Hochebene des Zahmen Kaisers Richtung Pyramidenspitze. Von weitem war schon deutlich zu erkennen, dass weiter hinten ab gut 1900 Meter Schnee lag. Auf der Nordseite des Wilden Kaisers lag die Schneegrenze deutlich weiter unten. Falls jetzt jemand denkt, er kann seine Ski wieder auspacken \u2026 NEIN \u2026 Egersgrinn ist absolut schneefrei.<\/p>\n<p>Da ich schon so oft dort oben war, musste heute noch irgendetwas Neues mitgenommen werden. Das Ziel war auch schnell gefunden. Vom Einser- bzw. vom Zw\u00f6lferkogel sieht man Richtung Nordosten am Kamm ein gro\u00dfes Gipfelkreuz stehen \u2026 sehr verlockend. W\u00e4hrend also Ines mit dem Hund weiter Richtung \u201ePyramide\u201c ging, k\u00e4mpfte ich mich vom Elferkogel erst durch Latschen dann \u00fcber unwegsames Schrofengel\u00e4nde (IIer-Gel\u00e4nde) teilweise recht luftig bis hinter zum Gipfelkreuz \u2026 auf dem Gipfelbuch stand Grinnerkopf (1.870m) \u2013 im Forum fiel \u00f6fter schon der Name \u201eGrinnerkogel\u201c \u2013 was jetzt stimmt wei\u00df ich auch nicht, da in meinen Karten nichts verzeichnet ist \u2026 trotzdem ein sehr sch\u00f6ner, einsamer Aussichtspunkt.<\/p>\n<p>Jetzt aber schnell wieder zur\u00fcck \u2026 die Brotzeit wartet. Bis ich ebenfalls auf der Pyramidenspitze (1.997m) war, sind alle anderen Ausfl\u00fcgler bereits weg gewesen. Alleine waren wir aber leider trotzdem nicht. Die Jungs von der Bergrettung Schwaz waren flei\u00dfig dabei den Steig, der vom Winkelkar auf den Gipfel f\u00fchrt, zu sanieren \u2026 ich habe mir die letzten Meter angeschaut \u2013 saubere Arbeit!<\/p>\n<p>Zu guter Letzt ging es noch schnell hin\u00fcber auf den H\u00f6chsten im Zahmen Kaiser \u2026 die Vordere Kesselschneid (2.001m) \u2026 was aber heute nicht ganz so einfach war \u2026 weglos ging es den mit gut 5 cm Neuschnee bedeckten Grashang hinauf zum Gipfel-Steinmandl \u2026 schei\u00df rutschig \u2026 aber auch runter ging es irgendwie.<\/p>\n<p>Anschlie\u00dfend sind wir \u00fcber das \u00d6chselweidkar abgestiegen und auf dem H\u00f6henweg \u00fcber Vorderkaiserfelden wieder zur\u00fcck zur Ritzau-Alm. Von dort weiter \u00fcber den nicht markierten, aber deutlich schnelleren \u201eAbk\u00fcrzer\u201c bis hinunter zum Pfandlhof, wo wir auf der Terrasse noch etwas Sonne tankten, bevor es ganz hinunter zum Parkplatz ging.<\/p>\n<p>Ich kann nur sagen:<\/p>\n<p>\u201eGeil \u2013 endlich wieder Sonnenbrand im Nacken und auf den Unterarmen \u2026 einfach ein tolles Gef\u00fchl \u2026 zumindest anders als Waschhaut an den Fingern.\u201c<\/p>\n<p>Tom<\/p>\n<div id=\"wp_fb_like_button\" style=\"margin:5px 5px 5px 0;float:left;height:100px;\"><script src=\"http:\/\/connect.facebook.net\/en_US\/all.js#xfbml=1\"><\/script><fb:like href=\"http:\/\/www.faszination-klettersteig.de\/wordpress\/2009\/07\/19\/zahmer-kaiser-am-19-07-2009\/\" send=\"false\" layout=\"button_count\" width=\"400\" show_faces=\"true\" font=\"arial\" action=\"like\" colorscheme=\"dark\"><\/fb:like><\/div>","protected":false},"excerpt":{"rendered":"<p>Nach fast 5 Monaten \u201eKaiser-Abstinenz\u201c sollte es heute mal wieder soweit sein. Aufgrund des Schneefalls am Vortag war der Zahme Kaiser genau das richtige Gebiet f\u00fcr eine \u201eTagestour f\u00fcr Sp\u00e4taufsteher\u201c. Start vom Kaisertal-Parkplatz in Kufstein\/Sparchen \u2013 nat\u00fcrlich zusammen mit Ines und unserem Leihhund \u00bbHugo\u00ab. Auf der Sparchenstiege (Treppe) ins Kaisertal gleich die erste \u00dcberraschung \u2026&hellip;<\/p>\n","protected":false},"author":1,"featured_media":0,"comment_status":"closed","ping_status":"closed","sticky":false,"template":"","format":"standard","meta":{"_mi_skip_tracking":false},"categories":[139],"tags":[262,214,180,263,311],"_links":{"self":[{"href":"http:\/\/www.faszination-klettersteig.de\/wordpress\/wp-json\/wp\/v2\/posts\/890"}],"collection":[{"href":"http:\/\/www.faszination-klettersteig.de\/wordpress\/wp-json\/wp\/v2\/posts"}],"about":[{"href":"http:\/\/www.faszination-klettersteig.de\/wordpress\/wp-json\/wp\/v2\/types\/post"}],"author":[{"embeddable":true,"href":"http:\/\/www.faszination-klettersteig.de\/wordpress\/wp-json\/wp\/v2\/users\/1"}],"replies":[{"embeddable":true,"href":"http:\/\/www.faszination-klettersteig.de\/wordpress\/wp-json\/wp\/v2\/comments?post=890"}],"version-history":[{"count":1,"href":"http:\/\/www.faszination-klettersteig.de\/wordpress\/wp-json\/wp\/v2\/posts\/890\/revisions"}],"predecessor-version":[{"id":2146,"href":"http:\/\/www.faszination-klettersteig.de\/wordpress\/wp-json\/wp\/v2\/posts\/890\/revisions\/2146"}],"wp:attachment":[{"href":"http:\/\/www.faszination-klettersteig.de\/wordpress\/wp-json\/wp\/v2\/media?parent=890"}],"wp:term":[{"taxonomy":"category","embeddable":true,"href":"http:\/\/www.faszination-klettersteig.de\/wordpress\/wp-json\/wp\/v2\/categories?post=890"},{"taxonomy":"post_tag","embeddable":true,"href":"http:\/\/www.faszination-klettersteig.de\/wordpress\/wp-json\/wp\/v2\/tags?post=890"}],"curies":[{"name":"wp","href":"https:\/\/api.w.org\/{rel}","templated":true}]}}