{"id":784,"date":"2009-09-05T22:00:21","date_gmt":"2009-09-05T21:00:21","guid":{"rendered":"http:\/\/www.faszination-klettersteig.de\/wordpress\/?p=784"},"modified":"2013-10-13T07:59:08","modified_gmt":"2013-10-13T06:59:08","slug":"kaisertour-am-05-09-2009","status":"publish","type":"post","link":"http:\/\/www.faszination-klettersteig.de\/wordpress\/2009\/09\/05\/kaisertour-am-05-09-2009\/","title":{"rendered":"Die etwas andere Kaisertour am 05.09.2009"},"content":{"rendered":"<p>Aufgrund des unbest\u00e4ndigen Wetters und anderen Faktoren haben sich alle f\u00fcr das Wochenende vorgeplanten Touren irgendwie zerschlagen. Was tun? Richtig Lust auf eine gro\u00dfe Tour hatten Ines und ich heute morgen auch nicht. Wir waren uns aber schnell einig \u2013 wir fahren in den Kaiser. Eine \u00dcberschreitung der Pyramidenspitze war unser Ziel.<\/p>\n<p>\u201eGehfaul\u201c und mit nur einem Auto \u2026 da bleibt nur eine der vielen m\u00f6glichen Varianten \u00fcbrig.<\/p>\n<p>Wir fahren also rauf zum Parkplatz an der Aschinger Alm. Von dort ging es zun\u00e4chst auf der Fahrstra\u00dfe an der Aschinger Alm vorbei leicht bergauf. Da wir diesen Aufstieg vorher noch nicht kannten, folgten wir ganz brav der Beschilderung. Nach gut 15 Minuten kam mir der seltsame Verdacht, dass wir nicht auf dem richtigen Weg sind, da wir bereits einige Zeit in eher westliche und nicht \u00f6stliche Richtung gingen. Scheinbar folgten wir diesem ausgeschriebenen \u201eAschinger Alm Rundwanderweg\u201c. Ok \u2013 ruhig bleiben und suchen.<\/p>\n<p>Auf gleichem Weg gingen wir wieder etwas zur\u00fcck. Unter h\u00f6herem Gras am Wegesrand entdeckten wir ein flach am Boden liegenden Wegweiser (Foto 02) \u2026 hier geht also der eigentliche Weg weiter. Suchende Blicke in der Landschaft entdeckten auch gleich ein Drehkreuz im Weidezaun. Offensichtlich ist hier aber schon l\u00e4nger keiner mehr gegangen, da im Gras keinerlei Spuren zu erkennen waren. Nach dem Drehkreuz ging es ein kurzes St\u00fcck auf markiertem Pfad weiter, der auf einem ebenfalls zugewachsenen Karrenweg endete. W\u00fcst sah es hier aus \u2026 umgefallene und \u00fcbereinander liegende B\u00e4ume \u2026 vermutlich Reste von einer Lawine \u2026 von einem \u201eWeiterweg\u201c keine Spur. Irgendwo geht es schon weiter. Nach weiteren 20 Minuten im Unterholz stie\u00dfen wir mitten im Wald wieder auf einen markierten Weg. Einer ist besser als keiner \u2026 wir folgten ihm.<\/p>\n<p>Der Weg f\u00fchrte uns auf steil ansteigenden Kehren bis rauf zur verfallenen Jofenalm. Vor dort ging es auf einem teilweise nur schwer erkennbaren Wiesenpfad weiter in \u00f6stliche Richtung bis zu einem Waldst\u00fcck. M\u00fchsam gewonnene H\u00f6henmeter mussten wir dort wieder absteigen. Wegen einer \u201eMonsterlawine\u201c, die dort im Fr\u00fchjahr scheinbar alles platt gemacht hat, sah vieles ganz anders aus als sonst. Die abk\u00fcrzende Querung direkt ins Winkelkar haben wir nicht gefunden und mussten so noch etwas weiter absteigen, als eigentlich n\u00f6tig gewesen w\u00e4re. Direkt auf der neuen \u201eForstarbeiterstra\u00dfe\u201c kamen wir dann raus. Erst auf dieser, dann wieder auf dem Weg \u201e836\u201c aufsteigend weiter an der Winkelalm vorbei Richtung \u201eKlettersteig\u201c.<\/p>\n<p>Die Bergrettung Schwaz hat bei der Sanierung des Steiges gute Arbeit geleistet, wenn auch teilweise noch Reste der alten Sicherungen herumliegen. Auf knapp 1.700m verlie\u00dfen wir den Steig nach rechts (nord-\u00f6stlich) und k\u00e4mpften uns weglos rauf zur Jofenspitze. Es ist erstaunlich, wieviele Leute sich laut Gipfelbuch dort hoch \u201everirren\u201c, die eigentlich geplant hatten, auf die Pyramidenspitze zu gehen. Keine Markierung, keine Pfadspuren, steile Wiesenh\u00e4nge und Schrofengel\u00e4nde (UIAA I). Da muss man doch nach wenigen Metern merken, dass man vom eigentlichen Weg abgekommen ist \u2026 scheinbar ist das vom Steig aus gut sichtbare Gipfelkreuz einfach zu verlockend.<\/p>\n<p>Nach einer kurzen Brotzeit querten wir weglos wieder in Richtung Steig und folgten dem weiteren Verlauf bis zum Gipfel der Pyramidenspitze. Dort gab es dann nochmal eine kurze Brotzeit. Dort oben war es alles andere als warm. In den Nordabbr\u00fcchen des Wilden Kaisers lag immer noch der Neuschnee von vergangener Nacht \u2026 sogar am Gipfelkreuz der \u201ePyramide\u201c hingen noch angefrorene Reste. brrrrrh.<\/p>\n<p>Auf dem Normalweg gingen wir weiter in Richtung \u201eVogelbad\u201c. Kurz nach dem Elferkogel bogen wir aber schon wieder weglos nach Norden ab. In leichter Kraxelei (UIAA I \u2013 II) ging es auf teilweise ausgesetztem Grat bis zum Grinnerkopf. Dort kurzer Eintrag ins Gipfelbuch.<\/p>\n<p>Da wir nun schon mal auf dieser netten Aussichtsloge standen, war der Abstieg auch schon vorgegeben.<\/p>\n<p>In <em>roskins<\/em> B\u00fcchlein \u201e<a href=\"http:\/\/abseits-aufwaerts.blogspot.de\/\">Abseits Aufw\u00e4rts<\/a>\u201c ist in der Erstausgabe (Seite 36 und 37) die \u00bb<strong>Gipfeldirettissima auf die Pyramidenspitze<\/strong>\u00ab beschrieben. Wie wir feststellen mussten, bringt einem diese eigentlich doch sehr gute \u201eAufstiegsbeschreibung\u201c nur wenig f\u00fcr den Abstieg.<\/p>\n<p>In stellenweise haarstr\u00e4ubender Kraxelei waren vier Steilstufen zu \u00fcberwinden. Voller Konzentration und immer auf der Suche nach dem \u201eleichtesten\u201c Weg zirkelten wir uns nach unten. Insgesamt waren es gut 800 H\u00f6henmeter auf 1,6 Kilometer, die wir dieses Kar mit dem Namen \u201eHoher Lahner\u201c abkletterten.<\/p>\n<p>Wir waren heil froh, als wir dann unten zum zweiten mal an diesem Tag auf dem \u201eAschinger Alm Rundwanderweg\u201c standen ;). Den Kaffee und Kuchen auf der Aschinger Alm hatten wir uns richtig verdient \u2026 der Himbeer-Mohn-Kuchen ist \u00fcbrigens sehr zu empfehlen.<\/p>\n<p>Bei der Nachbereitung zuhause musste ich feststellen, dass der von <em>roskin<\/em> beschriebene Weg sogar in der AV-Karte schwarz gepunktet eingezeichnet ist und auch auf dem Satellitenbild von GoogleMaps zu erkennen ist :o. Wir haben uns bereits kurz nach dem Gipfel schon vom eigentlichen \u201eWeg\u201c entfernt und sind ca. 100 Meter \u00f6stlich parallel zu diesem Weg abgestiegen.<\/p>\n<p>Wer den Weg nicht kennt, sollte auf keinen Fall versuchen dort abzusteigen !!! Im Aufstieg werde ich es zumindest irgendwann nochmal versuchen >:D.<\/p>\n<p><strong>Tourenverlauf:<\/strong><\/p>\n<p>Aschinger Alm (967m) \u2014 Jofenalm (1.342m) \u2014 Winkelalm (1.193m) \u2014 Winkelkar \u2014 Jofenspitze (1.892m) \u2014 Pyramidenspitze (1.997m) \u2014 Grinnerkopf (1.870m) \u2014 Hoher Lahner \u2014 Aschinger Alm.<\/p>\n<p><em>+++ komplette Runde inkl. Pausen und \u201eVersteigern\u201c >> 8 Stunden +++<br \/>\n+++ 1600 H\u00f6henmeter im Auf- und Abstieg auf knapp 11 Kilometer +++<\/em><\/p>\n<p>Tom<\/p>\n<p>Wen es interessiert, hier noch unsere Abstiegsroute:<\/p>\n<p><a href=\"http:\/\/www.postimage.org\/image.php?v=gxoZnEJ\"><img src=\"http:\/\/www.postimage.org\/gxoZnEJ.jpg\" alt=\"\" \/><\/a><br \/>\n<a href=\"http:\/\/www.postimage.org\/image.php?v=Pq20ufCS\"><img src=\"http:\/\/www.postimage.org\/Pq20ufCS.jpg\" alt=\"\" \/><\/a><br \/>\n<a href=\"http:\/\/www.postimage.org\/image.php?v=aV1GMrBi\"><img src=\"http:\/\/www.postimage.org\/aV1GMrBi.jpg\" alt=\"\" \/><\/a><\/p>\n<div id=\"wp_fb_like_button\" style=\"margin:5px 5px 5px 0;float:left;height:100px;\"><script src=\"http:\/\/connect.facebook.net\/en_US\/all.js#xfbml=1\"><\/script><fb:like href=\"http:\/\/www.faszination-klettersteig.de\/wordpress\/2009\/09\/05\/kaisertour-am-05-09-2009\/\" send=\"false\" layout=\"button_count\" width=\"400\" show_faces=\"true\" font=\"arial\" action=\"like\" colorscheme=\"dark\"><\/fb:like><\/div>","protected":false},"excerpt":{"rendered":"<p>Aufgrund des unbest\u00e4ndigen Wetters und anderen Faktoren haben sich alle f\u00fcr das Wochenende vorgeplanten Touren irgendwie zerschlagen. Was tun? Richtig Lust auf eine gro\u00dfe Tour hatten Ines und ich heute morgen auch nicht. Wir waren uns aber schnell einig \u2013 wir fahren in den Kaiser. Eine \u00dcberschreitung der Pyramidenspitze war unser Ziel. \u201eGehfaul\u201c und mit&hellip;<\/p>\n","protected":false},"author":1,"featured_media":0,"comment_status":"closed","ping_status":"closed","sticky":false,"template":"","format":"standard","meta":{"_mi_skip_tracking":false},"categories":[139,137],"tags":[356,261,262,357,355,263],"_links":{"self":[{"href":"http:\/\/www.faszination-klettersteig.de\/wordpress\/wp-json\/wp\/v2\/posts\/784"}],"collection":[{"href":"http:\/\/www.faszination-klettersteig.de\/wordpress\/wp-json\/wp\/v2\/posts"}],"about":[{"href":"http:\/\/www.faszination-klettersteig.de\/wordpress\/wp-json\/wp\/v2\/types\/post"}],"author":[{"embeddable":true,"href":"http:\/\/www.faszination-klettersteig.de\/wordpress\/wp-json\/wp\/v2\/users\/1"}],"replies":[{"embeddable":true,"href":"http:\/\/www.faszination-klettersteig.de\/wordpress\/wp-json\/wp\/v2\/comments?post=784"}],"version-history":[{"count":1,"href":"http:\/\/www.faszination-klettersteig.de\/wordpress\/wp-json\/wp\/v2\/posts\/784\/revisions"}],"predecessor-version":[{"id":2134,"href":"http:\/\/www.faszination-klettersteig.de\/wordpress\/wp-json\/wp\/v2\/posts\/784\/revisions\/2134"}],"wp:attachment":[{"href":"http:\/\/www.faszination-klettersteig.de\/wordpress\/wp-json\/wp\/v2\/media?parent=784"}],"wp:term":[{"taxonomy":"category","embeddable":true,"href":"http:\/\/www.faszination-klettersteig.de\/wordpress\/wp-json\/wp\/v2\/categories?post=784"},{"taxonomy":"post_tag","embeddable":true,"href":"http:\/\/www.faszination-klettersteig.de\/wordpress\/wp-json\/wp\/v2\/tags?post=784"}],"curies":[{"name":"wp","href":"https:\/\/api.w.org\/{rel}","templated":true}]}}