{"id":757,"date":"2009-11-01T22:00:30","date_gmt":"2009-11-01T21:00:30","guid":{"rendered":"http:\/\/www.faszination-klettersteig.de\/wordpress\/?p=757"},"modified":"2013-10-13T07:58:49","modified_gmt":"2013-10-13T06:58:49","slug":"schoenberg-am-01-11-2009","status":"publish","type":"post","link":"http:\/\/www.faszination-klettersteig.de\/wordpress\/2009\/11\/01\/schoenberg-am-01-11-2009\/","title":{"rendered":"Sch\u00f6nberg am 01.11.2009"},"content":{"rendered":"<p>Nach der gestrigen Tour auf die Wankspitze war heute eigentlich Ausschlafen und \u201eNichtstun\u201c angesagt.<\/p>\n<p>Das mit dem Ausschlafen hat noch funktioniert \u2026 das \u201eNichtstun\u201c hielt bis ca. 12.00 Uhr. Gegen dieses absolut geniale Herbstwetter kam K\u00f6rper und Geist aber nicht an. Schon beim Fr\u00fchst\u00fcck auf dem Balkon fing ich nerv\u00f6s an zu wippen \u2026 gedanklich sah ich mich schon auf einem Gipfel liegen und mir die Sonne ins Gesicht scheinen \u2026 kurze Zeit sp\u00e4ter sa\u00df ich mit Ines im Auto und los ging\u2019s.<\/p>\n<p>Schnell waren wir in Fleck\/Hohenreuth (s\u00fcdl. von Lenggries). Unser heutiges Ziel: der Sch\u00f6nberg (1.620m) \u2026. der einzige, der uns in der Sammlung \u201eTegernseer Berge\u201c heuer noch fehlte.<\/p>\n<img src=\"http:\/\/lh5.ggpht.com\/_DaV8xPOL83A\/Su4TK3WXIbI\/AAAAAAAALfc\/50dna2Gb5Hw\/Sch%C3%B6nberg_004.jpg\" alt=\"\" \/>\n<p>Es war schon fast halb 2, als wir vom \u00fcberf\u00fcllten Parkplatz starteten. Zun\u00e4chst folgten wir der Beschilderung \u201eMaria Eck \u2013 Sch\u00f6nberg\u201c \u2026 entspannt ging es auf der Forststra\u00dfe dahin. Nach einiger Zeit nahmen wir dann schon den ersten markierten \u201eAbk\u00fcrzer\u201c steil durch den Wald nach oben. Vor lauter Laub haben wir dann wohl den \u201erichtigen\u201c Weg verloren und sind einem nur schwach erkennbaren Pfad gefolgt. Immer steiler wurde es, bis wir pl\u00f6tzlich vor einer kleinen Jagdh\u00fctte mitten im Nichts standen. Sackgasse?! An Abstieg wollten wir noch nicht denken.<\/p>\n<p>Ein weiterer kaum sichtbarer Pfad f\u00fchrte uns zu einem fast trockenen Bachlauf, in dem wir dann ca. 150 Hm nach oben stiegen:<\/p>\n<img src=\"http:\/\/lh4.ggpht.com\/_DaV8xPOL83A\/Su4TL9X2T8I\/AAAAAAAALfg\/vrkRWPgQSuE\/Sch%C3%B6nberg_010.jpg\" alt=\"\" \/>\n<p>Als wir dann endlich wieder aus dem Wald kamen, sahen wir, dass wir viel weiter n\u00f6rdlich am Kamm rauskamen als geplant. Der Gipfel des Sch\u00f6nberg stand uns gegen\u00fcber:<\/p>\n<img src=\"http:\/\/lh6.ggpht.com\/_DaV8xPOL83A\/Su4TMieRlxI\/AAAAAAAALfk\/I_0W5syn7gg\/Sch%C3%B6nberg_012.jpg\" alt=\"\" \/>\n<p>Wir folgen dem Kammweg nach S\u00fcden \u00fcber \u201eMaria Eck\u201c zum ersten Aufbau des Sch\u00f6nbergs. Dort verlie\u00dfen wir den markierten Weg abermals. Wir nahmen noch eine kurze Kraxelei \u00fcber einen \u00f6stlich vorgelagerten Gratkamm mit, bis wir schlie\u00dflich \u00fcber die Nord-Ost-Flanke den Sch\u00f6nberg erreichten:<\/p>\n<img src=\"http:\/\/lh4.ggpht.com\/_DaV8xPOL83A\/Su4TNTeQg1I\/AAAAAAAALfo\/DzaGTTj6Yfg\/Sch%C3%B6nberg_018.jpg\" alt=\"\" \/>\n<p>Ausblick und Fernsicht waren heute fast nicht zu \u00fcberbieten:<\/p>\n<img src=\"http:\/\/lh5.ggpht.com\/_DaV8xPOL83A\/Su4TN9UTZDI\/AAAAAAAALfs\/rUeM6yv40DU\/Sch%C3%B6nberg_022.jpg\" alt=\"\" \/>\n<p>Da die Sonne schon wieder recht nah am Horizont stand, war es recht ruhig am Gipfel \u2026 genauer gesagt, wir waren mal wieder alleine:<\/p>\n<img src=\"http:\/\/lh5.ggpht.com\/_DaV8xPOL83A\/Su4TOVbNRVI\/AAAAAAAALfw\/DVvYd1lINlw\/Sch%C3%B6nberg_024.jpg\" alt=\"\" \/>\n<p>Bevor wir uns an den Abstieg machten, warfen wir noch ein paar sehns\u00fcchtige Blicke hin\u00fcber zum Guffert, der die Prominenz links und rechts von ihm wie Zwerge aussehen lie\u00df:<\/p>\n<img src=\"http:\/\/lh5.ggpht.com\/_DaV8xPOL83A\/Su4TO0IXHSI\/AAAAAAAALf0\/ytx9tbYk7Is\/Sch%C3%B6nberg_026.jpg\" alt=\"\" \/>\n<p>Dank eines unmarkierten Abstiegsweges, der scheinbar von Einheimischen und \u201eInsidern\u201c viel begangen und gepflegt wird, schafften wir es gerade noch hinunter zur Fahrstra\u00dfe, bis es richtig dunkel war. Kurz vor Erreichen des Parkplatzes durften wir dann noch zusehen, wie der fast volle Mond hinter den Bergen aufging.<\/p>\n<p>Auf der Heimfahrt sorgte dann Bayern 3 noch f\u00fcr passende Musik. Mit \u201eNovember Rain\u201c von Guns N\u2019 Roses endete das wohl letzte sch\u00f6ne Herbstwochenende in diesem Jahr.<\/p>\n<p>Der Regen kann kommen.<\/p>\n<p>Tom<\/p>\n<div id=\"wp_fb_like_button\" style=\"margin:5px 5px 5px 0;float:left;height:100px;\"><script src=\"http:\/\/connect.facebook.net\/en_US\/all.js#xfbml=1\"><\/script><fb:like href=\"http:\/\/www.faszination-klettersteig.de\/wordpress\/2009\/11\/01\/schoenberg-am-01-11-2009\/\" send=\"false\" layout=\"button_count\" width=\"400\" show_faces=\"true\" font=\"arial\" action=\"like\" colorscheme=\"dark\"><\/fb:like><\/div>","protected":false},"excerpt":{"rendered":"<p>Nach der gestrigen Tour auf die Wankspitze war heute eigentlich Ausschlafen und \u201eNichtstun\u201c angesagt. Das mit dem Ausschlafen hat noch funktioniert \u2026 das \u201eNichtstun\u201c hielt bis ca. 12.00 Uhr. Gegen dieses absolut geniale Herbstwetter kam K\u00f6rper und Geist aber nicht an. Schon beim Fr\u00fchst\u00fcck auf dem Balkon fing ich nerv\u00f6s an zu wippen \u2026 gedanklich&hellip;<\/p>\n","protected":false},"author":1,"featured_media":0,"comment_status":"closed","ping_status":"closed","sticky":false,"template":"","format":"standard","meta":{"_mi_skip_tracking":false},"categories":[139],"tags":[],"_links":{"self":[{"href":"http:\/\/www.faszination-klettersteig.de\/wordpress\/wp-json\/wp\/v2\/posts\/757"}],"collection":[{"href":"http:\/\/www.faszination-klettersteig.de\/wordpress\/wp-json\/wp\/v2\/posts"}],"about":[{"href":"http:\/\/www.faszination-klettersteig.de\/wordpress\/wp-json\/wp\/v2\/types\/post"}],"author":[{"embeddable":true,"href":"http:\/\/www.faszination-klettersteig.de\/wordpress\/wp-json\/wp\/v2\/users\/1"}],"replies":[{"embeddable":true,"href":"http:\/\/www.faszination-klettersteig.de\/wordpress\/wp-json\/wp\/v2\/comments?post=757"}],"version-history":[{"count":1,"href":"http:\/\/www.faszination-klettersteig.de\/wordpress\/wp-json\/wp\/v2\/posts\/757\/revisions"}],"predecessor-version":[{"id":2128,"href":"http:\/\/www.faszination-klettersteig.de\/wordpress\/wp-json\/wp\/v2\/posts\/757\/revisions\/2128"}],"wp:attachment":[{"href":"http:\/\/www.faszination-klettersteig.de\/wordpress\/wp-json\/wp\/v2\/media?parent=757"}],"wp:term":[{"taxonomy":"category","embeddable":true,"href":"http:\/\/www.faszination-klettersteig.de\/wordpress\/wp-json\/wp\/v2\/categories?post=757"},{"taxonomy":"post_tag","embeddable":true,"href":"http:\/\/www.faszination-klettersteig.de\/wordpress\/wp-json\/wp\/v2\/tags?post=757"}],"curies":[{"name":"wp","href":"https:\/\/api.w.org\/{rel}","templated":true}]}}