{"id":440,"date":"2009-07-21T23:00:42","date_gmt":"2009-07-21T22:00:42","guid":{"rendered":"http:\/\/www.faszination-klettersteig.de\/wordpress\/?p=440"},"modified":"2013-10-13T07:59:08","modified_gmt":"2013-10-13T06:59:08","slug":"juifen-am-21-07-2009","status":"publish","type":"post","link":"http:\/\/www.faszination-klettersteig.de\/wordpress\/2009\/07\/21\/juifen-am-21-07-2009\/","title":{"rendered":"Bike &#038; Hike: Juifen via Falkenmoosalm am 21.07.2009"},"content":{"rendered":"<p>F\u00fcr eine \u201eAfter-Work-Tour\u201c von uns aus schon fast zu weit zu fahren, aber es hat sich gelohnt.<\/p>\n<p><strong>Startpunkt der Tour:<\/strong><br \/>\nParkplatz an der B181, vom Achenpa\u00df kommend kurz vor Achenkirch (ca. 900m \u00fc.d.A.).<\/p>\n<p><strong>Verlauf:<\/strong><br \/>\nMit den MTBs zun\u00e4chst kurz auf Teerstra\u00dfe \u2013 dann auf Forstweg zur Falkenmoosalm (1.328m) \u2013 weiter \u00fcber immer schlechter werdende Schotterpiste zur L\u00e4mpereralm (1.700m) und zum Bikedepot auf ca. 1.720m.<\/p>\n<p>Zu Fu\u00df weiter \u00fcber bl\u00fchenden Wiesenhang bis zum Gipfel des Juifen (1.988m).<\/p>\n<p>Gipfelbrotzeit heute endlich mal bei Sonnenschein und gemessenen 22\u00b0C. Die beste Aussicht seit langem, obwohl sie dort oben nat\u00fcrlich im Winter viel besser ist. Der Neuschnee vom Samstag ist \u00fcbrigens nirgends mehr zu sehen, au\u00dfer am Alpenhauptkamm.<\/p>\n<p>Abendessen auf der Falkenmoosalm fiel leider aus \u2013 hatte bereits geschlossen, da wir schon so sp\u00e4t dran waren.<\/p>\n<p><strong>Rahmendaten:<\/strong><br \/>\n[<span style=\"text-decoration: underline;\">Bike<\/span>] \u2026 870 Hm auf 9,2 km<br \/>\n[<span style=\"text-decoration: underline;\">Hike<\/span>] \u2026 270 Hm auf 1,2 km<\/p>\n<p>+++ runter wie rauf , <em>insgesamt 4:00 Stunden (all incl.) <\/em>+++<\/p>\n<p>Tom<\/p>\n<div id=\"wp_fb_like_button\" style=\"margin:5px 5px 5px 0;float:left;height:100px;\"><script src=\"http:\/\/connect.facebook.net\/en_US\/all.js#xfbml=1\"><\/script><fb:like href=\"http:\/\/www.faszination-klettersteig.de\/wordpress\/2009\/07\/21\/juifen-am-21-07-2009\/\" send=\"false\" layout=\"button_count\" width=\"400\" show_faces=\"true\" font=\"arial\" action=\"like\" colorscheme=\"dark\"><\/fb:like><\/div>","protected":false},"excerpt":{"rendered":"<p>F\u00fcr eine \u201eAfter-Work-Tour\u201c von uns aus schon fast zu weit zu fahren, aber es hat sich gelohnt. Startpunkt der Tour: Parkplatz an der B181, vom Achenpa\u00df kommend kurz vor Achenkirch (ca. 900m \u00fc.d.A.). Verlauf: Mit den MTBs zun\u00e4chst kurz auf Teerstra\u00dfe \u2013 dann auf Forstweg zur Falkenmoosalm (1.328m) \u2013 weiter \u00fcber immer schlechter werdende Schotterpiste&hellip;<\/p>\n","protected":false},"author":1,"featured_media":0,"comment_status":"closed","ping_status":"closed","sticky":false,"template":"","format":"standard","meta":{"_mi_skip_tracking":false},"categories":[139,128],"tags":[129,334,132],"_links":{"self":[{"href":"http:\/\/www.faszination-klettersteig.de\/wordpress\/wp-json\/wp\/v2\/posts\/440"}],"collection":[{"href":"http:\/\/www.faszination-klettersteig.de\/wordpress\/wp-json\/wp\/v2\/posts"}],"about":[{"href":"http:\/\/www.faszination-klettersteig.de\/wordpress\/wp-json\/wp\/v2\/types\/post"}],"author":[{"embeddable":true,"href":"http:\/\/www.faszination-klettersteig.de\/wordpress\/wp-json\/wp\/v2\/users\/1"}],"replies":[{"embeddable":true,"href":"http:\/\/www.faszination-klettersteig.de\/wordpress\/wp-json\/wp\/v2\/comments?post=440"}],"version-history":[{"count":1,"href":"http:\/\/www.faszination-klettersteig.de\/wordpress\/wp-json\/wp\/v2\/posts\/440\/revisions"}],"predecessor-version":[{"id":2145,"href":"http:\/\/www.faszination-klettersteig.de\/wordpress\/wp-json\/wp\/v2\/posts\/440\/revisions\/2145"}],"wp:attachment":[{"href":"http:\/\/www.faszination-klettersteig.de\/wordpress\/wp-json\/wp\/v2\/media?parent=440"}],"wp:term":[{"taxonomy":"category","embeddable":true,"href":"http:\/\/www.faszination-klettersteig.de\/wordpress\/wp-json\/wp\/v2\/categories?post=440"},{"taxonomy":"post_tag","embeddable":true,"href":"http:\/\/www.faszination-klettersteig.de\/wordpress\/wp-json\/wp\/v2\/tags?post=440"}],"curies":[{"name":"wp","href":"https:\/\/api.w.org\/{rel}","templated":true}]}}