{"id":394,"date":"2009-05-01T22:00:44","date_gmt":"2009-05-01T21:00:44","guid":{"rendered":"http:\/\/www.faszination-klettersteig.de\/wordpress\/?p=394"},"modified":"2013-10-13T07:59:08","modified_gmt":"2013-10-13T06:59:08","slug":"berchtesgadener-hochthron-am-01-05-2009","status":"publish","type":"post","link":"http:\/\/www.faszination-klettersteig.de\/wordpress\/2009\/05\/01\/berchtesgadener-hochthron-am-01-05-2009\/","title":{"rendered":"Berchtesgadener Hochthronsteig am 01.05.2009"},"content":{"rendered":"<p>Da Ines und ich diese Tour in unserer \u201eTo-Do-Liste\u201c leider immer noch auf \u201eunerledigt\u201c stehen hatten, mussten wir die Einladung von Daniel zu Seebensteig und Tajakante heute leider ausschlagen.<\/p>\n<p>Da wir beim Versuch einer Winterbegehung am 4. Januar wegen K\u00e4lte abbrechen mussten, wollten wir es heute nochmal wagen. Da es die vergangene Woche nochmal geschneit hat, kann man das trotz 1. Mai auch als Winterbegehung gelten lassen.<\/p>\n<p>Laut Wetterbericht h\u00e4tte das Wetter zumindest heute nicht ganz so schlecht werden sollen. Wir hatten aber mal wieder Pech. Schon bei der Ankunft im Berchtesgadener Land regnete es \u2013 zumindest war alles Nass \u2013 vom Nebel wollen wir jetzt gar nicht reden. Im Klettersteig habe ich mich immer gefragt, was besser ist: eine trockene Wand bei -10\u00b0C oder eine tropfnasse Wand bei +10\u00b0C \u2026 egal \u2026 wir wollen es ja nicht anders.<\/p>\n<p><strong>\u2014 Verh\u00e4ltnisse \u2014<\/strong><br \/>\n<span style=\"text-decoration: underline;\">Zustieg:<\/span><br \/>\nVom Parkplatz bis zur Baumgrenze unterhalb des \u201eScheibenkasers\u201c so gut wie fast kein Schneekontakt. Mit Verlassen des Waldes geschlossene Schneedecke. Gut 10 cm Neuschnee auf zum Teil festgesetzten Altschneefeldern. Ziemlich rutschige Angelegenheit.<\/p>\n<p>Vom \u201eScheibenkaser\u201c bis zur \u201eWand\u201c war wieder harte Spurarbeit gefragt. Schneeschuhe bringen da eigentlich nicht viel, da das Gel\u00e4nde (Hangquerung) viel zu steil ist. Der Neuschnee machte die Sache nicht einfacher. Der morgentliche Regen hat jedoch bereits vor unserem Eintreffen schon gute Dienste geleistet, indem er durch Ausl\u00f6sen von Nassschneelawinen einen gro\u00dfen Teil des Zustiegs wieder \u201egereinigt\u201c hat.<\/p>\n<p>Die riesigen Schneeansammlungen (sahen aus wie S\u00e9racs) hangseitig \u00fcber dem Einstieg waren nicht gerade vertrauenserweckend. Da hat sich wohl alles gesammelt, was an Eis und Schnee den Winter \u00fcber in der Wand hing.<\/p>\n<p>Die Randkluft zur Wand war heute begehbar \u2026 trotzdem ist dort Vorsicht geboten.<\/p>\n<p><span style=\"text-decoration: underline;\">Aufstieg \/ Klettersteig:<\/span><br \/>\nIn der Wand lag zum Teil nasser weicher Neuschnee, der so gut wie nicht st\u00f6rte. Wegen dem morgentlichen Regen war der Steig jedoch durchgehend tropfnass.<\/p>\n<p>Richard Koller (der Erbauer) war laut Wandbuch schon mehrmals mit Kollegen im Steig, um die Wintersch\u00e4den zu beheben. Offensichtlich wurde auch das Seil im ersten Teilst\u00fcck vor allem im Einstiegsbereich neu gespannt und nachgezogen. DANKE!<\/p>\n<p>\u00dcber die Schneerinne unterhalb der \u00bbSchluchtrampe\u00ab wurde ein altes Kletterseil gespannt, da das Stahlseil tief unter dem Schnee begraben ist (wir kennen es \u00fcberhaupt nicht anders). Ob das Kletterseil dort bleibt  \u2026 keine Ahnung \u2026 es war uns jedoch hilfreich (zumindest mussten wir unseres nicht auspacken). Nochmals DANKE!<\/p>\n<p><span style=\"text-decoration: underline;\">Ausstieg \/ Gratkamm:<\/span><br \/>\nVon den extremen Verw\u00e4chtungen, die sonst um diese Jahreszeit noch am Ausstieg h\u00e4ngen\/stehen war heute nichts zu sehen \u2026 die liegen wohl alle im Hang kurz oberhalb des Einstiegs.<\/p>\n<p><span style=\"text-decoration: underline;\">Gipfel:<\/span><br \/>\nDer kurze Weg vom Ausstieg zum Gipfel war zwar schneebedeckt jedoch problemlos zu gehen. Wir hatten Gl\u00fcck, dass wenigstens am Gipfel die Sonne zum Vorschein kam.<\/p>\n<p><span style=\"text-decoration: underline;\">Abstieg:<\/span><br \/>\nAuf dem Weg vom Gipfel zum St\u00f6hrhaus sieht man erst, wieviel Schnee da zum Teil noch liegt. Durch Schneeverwehungen \/ -verfrachtungen wurden teilweise riesige Schneewellen geformt \u2013 sch\u00f6n zum Anschauen \u2013 schlecht, wenn man dr\u00fcber hinweg muss. Schneeschuhe von Vorteil, jedoch nicht unbedingt notwendig. Man sollte jedoch beachten, dass der Schnee im Tagesverlauf immer weicher wird. Ich sage nur \u201eschwupp und weg\u201c. Zweimal bin ich durchgebrochen und h\u00fcfttief in den Latschen gesteckt.<\/p>\n<p>Vom St\u00f6hrhaus auf Weg 417 zum \u201eLeiterl\u201c teilweise schon \u201eaper\u201c. Der Weg 466 zur\u00fcck zum Scheibenkaser war heute der anstrengendste Teil der Tour (und das soll was hei\u00dfen). Unz\u00e4hlige Lawinenkegel und Schneefelder, die den Weg versch\u00fcttet bzw. verdeckt haben, sind zu queren \u2026 das ist kein Spa\u00df und macht auch keinen.<\/p>\n<p>Vom Scheibenkaser zum Parkplatz \u2013 wie im Aufstieg \u2013 wieder problemlos.<\/p>\n<p><em>+++ insgesamt 1300 Hm \u2026 ca. 11 km \u2026 anstrengende 9:30 Stunden (inkl. Pausen) +++ <\/em><\/p>\n<p><strong>\u2014 Fazit \u2014<\/strong><br \/>\nImmer wieder eine sch\u00f6ne Tour. Man sollte jedoch noch 3 bis 4 Wochen warten, da die riesigen Schneemassen im Zustiegsbereich als kritisch zu betrachten sind.<\/p>\n<p>N\u00e4here Infos zu den aktuellen Verh\u00e4ltnissen werden aus erster Hand auf <a href=\"http:\/\/www.via-ferrata.de\/forum\/berchtesgadener-hochhtron-steig-t2696.html\">via-ferrata.de<\/a> eingestellt.<\/p>\n<p>Ich habe mal die Schneeh\u00f6he bei unserer Tour in ein \u201eSommerfoto\u201c (aus dem Internet geklaut) eingezeichnet \u2026<\/p>\n<img src=\"http:\/\/lh6.ggpht.com\/_DaV8xPOL83A\/SgGheNKorQI\/AAAAAAAAMuM\/NuwVqF0hK-w\/s512\/Schneeh%C3%B6he.jpg\" alt=\"\" \/>\n<div id=\"wp_fb_like_button\" style=\"margin:5px 5px 5px 0;float:left;height:100px;\"><script src=\"http:\/\/connect.facebook.net\/en_US\/all.js#xfbml=1\"><\/script><fb:like href=\"http:\/\/www.faszination-klettersteig.de\/wordpress\/2009\/05\/01\/berchtesgadener-hochthron-am-01-05-2009\/\" send=\"false\" layout=\"button_count\" width=\"400\" show_faces=\"true\" font=\"arial\" action=\"like\" colorscheme=\"dark\"><\/fb:like><\/div>","protected":false},"excerpt":{"rendered":"<p>Da Ines und ich diese Tour in unserer \u201eTo-Do-Liste\u201c leider immer noch auf \u201eunerledigt\u201c stehen hatten, mussten wir die Einladung von Daniel zu Seebensteig und Tajakante heute leider ausschlagen. Da wir beim Versuch einer Winterbegehung am 4. Januar wegen K\u00e4lte abbrechen mussten, wollten wir es heute nochmal wagen. Da es die vergangene Woche nochmal geschneit&hellip;<\/p>\n","protected":false},"author":1,"featured_media":0,"comment_status":"closed","ping_status":"closed","sticky":false,"template":"","format":"standard","meta":{"_mi_skip_tracking":false},"categories":[137,140],"tags":[58,55,57],"_links":{"self":[{"href":"http:\/\/www.faszination-klettersteig.de\/wordpress\/wp-json\/wp\/v2\/posts\/394"}],"collection":[{"href":"http:\/\/www.faszination-klettersteig.de\/wordpress\/wp-json\/wp\/v2\/posts"}],"about":[{"href":"http:\/\/www.faszination-klettersteig.de\/wordpress\/wp-json\/wp\/v2\/types\/post"}],"author":[{"embeddable":true,"href":"http:\/\/www.faszination-klettersteig.de\/wordpress\/wp-json\/wp\/v2\/users\/1"}],"replies":[{"embeddable":true,"href":"http:\/\/www.faszination-klettersteig.de\/wordpress\/wp-json\/wp\/v2\/comments?post=394"}],"version-history":[{"count":1,"href":"http:\/\/www.faszination-klettersteig.de\/wordpress\/wp-json\/wp\/v2\/posts\/394\/revisions"}],"predecessor-version":[{"id":2150,"href":"http:\/\/www.faszination-klettersteig.de\/wordpress\/wp-json\/wp\/v2\/posts\/394\/revisions\/2150"}],"wp:attachment":[{"href":"http:\/\/www.faszination-klettersteig.de\/wordpress\/wp-json\/wp\/v2\/media?parent=394"}],"wp:term":[{"taxonomy":"category","embeddable":true,"href":"http:\/\/www.faszination-klettersteig.de\/wordpress\/wp-json\/wp\/v2\/categories?post=394"},{"taxonomy":"post_tag","embeddable":true,"href":"http:\/\/www.faszination-klettersteig.de\/wordpress\/wp-json\/wp\/v2\/tags?post=394"}],"curies":[{"name":"wp","href":"https:\/\/api.w.org\/{rel}","templated":true}]}}