{"id":355,"date":"2010-06-27T22:00:32","date_gmt":"2010-06-27T21:00:32","guid":{"rendered":"http:\/\/www.faszination-klettersteig.de\/wordpress\/?p=355"},"modified":"2013-10-13T07:58:26","modified_gmt":"2013-10-13T06:58:26","slug":"arnspitzgruppe-am-27-06-2010","status":"publish","type":"post","link":"http:\/\/www.faszination-klettersteig.de\/wordpress\/2010\/06\/27\/arnspitzgruppe-am-27-06-2010\/","title":{"rendered":"\u00dcberschreitung der A(h)rnspitzgruppe am 27.06.2010"},"content":{"rendered":"<p>Zur Vorbereitung auf die Hochtourensaison diesmal nix am Stahlseil\u00a0 sondern eine anspruchsvollere Bergtour mit alpiner Kraxelei in den unteren Schwierigkeitsgraden.<\/p>\n<p>Warmes und stabiles Wetter war angesagt und die Tage sind lang genug f\u00fcr ausgiebige Bergfahrten. Wir wollen also mal wieder ein paar Sachen auf unserer ToDo-Liste abhaken und zugleich einen bislang schwarzen Fleck auf unserer pers\u00f6nlichen Bergkarte ausradieren.<\/p>\n<p>Fr\u00fch morgens fahren wir voller Motivation nach Leutasch, heute wollen wir die <a href=\"http:\/\/de.wikipedia.org\/wiki\/Arnspitzgruppe\">Arnspitzgruppe<\/a> in Angriff nehmen. Eigentlich geh\u00f6rt die freistehende Gebirgsgruppe dem Wettersteingebirge an, wird von diesem aber durch das Leutaschtal deutlich abgetrennt.<\/p>\n<p>Da wir einmal komplett \u00fcber den Hauptkamm wollen, deponieren wir vorab unsere MTBs in Leutasch, Ortsteil Arn, um uns einen entspannten R\u00fcckweg zu sichern. Wir beginnen die Tour am Eingang der <a href=\"http:\/\/www.mittenwald.de\/index.shtml?m_leutaschklamm\">Leutascher Geisterklamm<\/a>. Viel Eisen, rauschendes Wasser \u2026 aber f\u00fcr uns nicht wirklich interessant \u2026 vielleicht ist es auch nur zu fr\u00fch am Morgen \u2026 zumindest ist au\u00dfer uns niemand unterwegs. Wir verlassen den Klammweg bei gut der H\u00e4lfte und steigen etwas abw\u00e4rts zum <a href=\"http:\/\/www.gletscherschliff.de\">Gasthof Gletscherschliff<\/a>. Wir sind nun fast schon wieder in Mittenwald \u2026 aber von hier beginnt nun die eigentliche \u00dcberschreitung.<\/p>\n<p>Zun\u00e4chst folgen wir einem Fahrweg ein paar Minuten bergab, bis ein Wegweiser \u201eGro\u00dfe Arnspitze\u201c in den Wald zeigt. Der Weg ist gut beschildert und markiert, aber offensichtlich wird er nicht oft begangen \u2026 zumindest waren dieses Jahr noch nicht viele unterwegs. Stellenweise hat man wirklich Probleme dem schmalen Trampelpfad zu folgen. Laub vom letzten Herbst, verwachsene Str\u00e4ucher und umgefallene B\u00e4ume bereiten leichte Probleme bei der Wegfindung. Im ZickZack geht es in dichtem Wald durch die S\u00fcdflanke des Schartenkopfes an einer Diensth\u00fctte vorbei zur Riedbergscharte (1.450m), wo wir auf den um einiges k\u00fcrzeren Nordanstieg sto\u00dfen.<\/p>\n<p>Die Landschaft und die Aussicht werden nun mit jedem Schritt sch\u00f6ner. Der teils ausgesetzte Weg f\u00fchrt uns \u00fcber den Riedkopf (1.805m) und \u00fcber ein paar der Achterk\u00f6pfe bis er den Kamm verl\u00e4sst und unterhalb der letzten Achterk\u00f6pfe durch einen steilen Schrofenhang hin\u00fcber zur Arnspitzh\u00fctte (1.955m \/ unbewirtschaftet \/ Notlager des DAV Hochland) quert.<\/p>\n<p>Bislang war die Tour recht unspektakul\u00e4r und ziemlich einsam \u2026 es scheint aber besser zu werden. Kurz unterhalb der H\u00fctte zweigt der Weg in Richtung Gro\u00dfe Arnspitze (2.195m) ab. Hier ist zumindest schon mal Trittsicherheit gefragt \u2026 auch die H\u00e4nde kommen ab und zu mal zum Einsatz. Durch Ier Schrofengel\u00e4nde geht es weiter bis zum Gipfel (der mit den orangen Tafeln, nicht der mit Kreuz). Hier ist auch richtig was los, mit 4 Personen m\u00fcssen wir uns den h\u00f6chsten Punkt der Arnspitzgruppe teilen.<\/p>\n<p>Nach der Gipfelbrotzeit geht es nun ans Eingemachte. Zun\u00e4chst geht ein kurzes St\u00fcck auf dem Normalweg zur\u00fcck bis zu einer Gedenktafel \u2026 dort verlassen wir den markierten Weg nach rechts und suchen uns den besten (einfachsten) Weg in Richtung Westen. Immer auf einem Grat bleibend geht es in teilweise luftiger Kraxelei (bis II) im Auf und Ab bis zum Wandfu\u00df der Mittleren Arnspitze (2.091m). Aufgrund der Hitze (25\u00b0C auf \u00fcber 2.000m) und den schwindenden Wasservorr\u00e4ten (auf der gesamten Tour kein Nachtanken m\u00f6glich!!!) entscheiden wir uns gegen eine Gipfel\u00fcberschreitung und umgehen diesen Gipfel n\u00f6rdlich entlang des Wandfu\u00dfes. Immerhin haben wir ja noch die Arnplattenspitze (auch Hintere Arnspitze \/ 2.170m) vor uns, \u00fcber die wir in jedem Fall m\u00fcssen.<\/p>\n<p>Im Sattel zwischen Mittlerer und Hinterer Arnspitze beginnt dann ein sehr unangenehmer \u201eLatschen-Nahkampf\u201c \u2026 im T-Shirt und kurzer Hose nicht wirklich der Hit, aber irgendwie muss man ja an den steilen Gipfelaufschwung der Arnplattenspitze rankommen. Nach gut 10 Minuten werden die Latschen aber wieder etwas lichter und man folgt der steil abbrechenden Kante am Nord-Ost-Grat nach oben. Hier sind sogar teilweise (ur)alte Markierungen und Stoamandl zu finden. Am Ende des Latschenbewuchses steht man dann vor der imposanten Gipfelplatte. Wir halten uns weiterhin an die rechte Gratkante bis wir auf einem Art Balkon stehen. Von dort zieht ein Riss bis direkt zum Gipfelkreuz \u2026 sicherlich nicht die leichteste Variante, aber in jedem Fall die k\u00fcrzeste Variante (II+).<\/p>\n<p>Geschafft! Wir stehen auf der Arnplattenspitze \u2026 v\u00f6llig aus- und abgebrannt und die Sonne knallt immer noch auf unsere K\u00f6pfe. Vielleicht ist das Wetter heute zu stabil f\u00fcr diese Tour.<\/p>\n<p>Nach erneuter Gipfelbrotzeit machen wir uns an den langen Abstieg. Zuerst ist aber nochmal etwas Klettergeschick gefragt, die Abstiegsroute vom Gipfel wird aber durch gelbe Punkte vorgegeben (UIAA I-II). Bald schon wird es flacher und wir folgen dichten Latschengassen \u00fcber den Wei\u00dflehnkopf (2.002m),\u00a0 Arnkopf (1.934m) und den Zwirchkopf (1.773m) bis uns ein extrem steiler Bergpfad durch einen L\u00e4rchenwald runter nach Arn zu unserem Bike-Depot bringt.<\/p>\n<p>Mit dem Bike haben wir dann noch die n\u00e4chstbeste M\u00f6glichkeit an der Leutascher Ache angesteuert, um bei einem k\u00fchlen Fu\u00dfbad die letzten zwei Tore \u201eunserer Jungs\u201c im \u00d6sterreichischen Radio zu verfolgen.<\/p>\n<p>Die letzten 8km ging es im Anschluss ziemlich entspannt den Achweg entlang zur\u00fcck zum Parkplatz.<\/p>\n<p>Tom<\/p>\n<p><strong>Wegverlauf (gesamt):<\/strong><br \/>\nLeutascher Schanz \u2013 Leutascher Geisterklamm (Eingang auf 1.010m) \u2013 Gasthof Gletscherschliff (1.020m) \u2013 Riedbergscharte (1.450m) \u2013 Achterk\u00f6pfe \u2013 Arnspitzh\u00fctte (1.955m) \u2013 Gro\u00dfe Arnspitze (2.195m) \u2013 Mittlere Arnspitze [umgangen] \u2013 Arnplattenspitze (2.170m) \u2013 Wei\u00dflehnkopf (2.002m) \u2013 Arnkopf (1.934m) \u2013 Zwirchkopf (1.773m) \u2013 Leutasch\/OT Arn (1.094m) \u2013 zur\u00fcck per Bike an der Leutascher Ache<\/p>\n<p><strong>Rahmendaten:<\/strong><br \/>\n[<span style=\"text-decoration: underline;\">Hike<\/span>] ca. 1700 Hm auf gut 15 Kilometer<br \/>\n[<span style=\"text-decoration: underline;\">Bike<\/span>] 8 km und wenige Hm<\/p>\n<p><strong>GPS-Track:<\/strong><br \/>\n<a href=\"http:\/\/www.faszination-klettersteig.de\/wordpress\/wp-content\/uploads\/2011\/03\/2010-06.27_Arnspitzgruppe.gpx\" target=\"_blank\">2010-06.27_Arnspitzgruppe.gpx<\/a><\/p>\n<p><strong>Ein paar Impressionen<\/strong>:<br \/>\n<em>In der Geisterklamm<\/em><br \/>\n<img src=\"http:\/\/lh6.ggpht.com\/_SQa8eOjlNwc\/TCkZbwS9MdI\/AAAAAAAAALA\/oNqxVczdzdI\/2010-06.27_Arnspitz%C3%BCberschreitung_010.jpg\" alt=\"\" \/>\u00a0<br \/>\n<img src=\"http:\/\/lh6.ggpht.com\/_SQa8eOjlNwc\/TCkZc4GlFjI\/AAAAAAAAALA\/tjHKrT69caU\/2010-06.27_Arnspitz%C3%BCberschreitung_029.jpg\" alt=\"\" \/>\u00a0<br \/>\n<img src=\"http:\/\/lh4.ggpht.com\/_SQa8eOjlNwc\/TCkZdnNM8oI\/AAAAAAAAALA\/9yDJo0wmyXY\/2010-06.27_Arnspitz%C3%BCberschreitung_035.jpg\" alt=\"\" \/>\u00a0<br \/>\n<em>Die Gro\u00dfe Arnspitze in Sichtweite<\/em><br \/>\n<img src=\"http:\/\/lh6.ggpht.com\/_SQa8eOjlNwc\/TCkZejM6GGI\/AAAAAAAAALA\/YyflPch6Azc\/2010-06.27_Arnspitz%C3%BCberschreitung_038.jpg\" alt=\"\" \/>\u00a0<br \/>\n<em>Die kleine Arnspitzh\u00fctte<\/em><br \/>\n<img src=\"http:\/\/lh5.ggpht.com\/_SQa8eOjlNwc\/TCkZfUqyCFI\/AAAAAAAAALA\/6dkZmBXsfUU\/2010-06.27_Arnspitz%C3%BCberschreitung_046.jpg\" alt=\"\" \/>\u00a0<br \/>\n<em>Trittsicherheit ist gefragt beim letzten Anstieg zur Gro\u00dfen Arnspitze<\/em><br \/>\n<img src=\"http:\/\/lh6.ggpht.com\/_SQa8eOjlNwc\/TCkZgNSAxbI\/AAAAAAAAALA\/ReLA_J2LSIU\/2010-06.27_Arnspitz%C3%BCberschreitung_050.jpg\" alt=\"\" \/>\u00a0<br \/>\n<em>Der Weiterweg \u2026 dem Gratverlauf folgend zur Mittleren Arnspitze (Doppelgipfel) und weiter zur Arnplattenspitze (gro\u00dfer Turm)<\/em><br \/>\n<img src=\"http:\/\/lh4.ggpht.com\/_SQa8eOjlNwc\/TCkZgxPHXUI\/AAAAAAAAALA\/_wutjUrX2Rk\/2010-06.27_Arnspitz%C3%BCberschreitung_056.jpg\" alt=\"\" \/>\u00a0<br \/>\n<img src=\"http:\/\/lh3.ggpht.com\/_SQa8eOjlNwc\/TCkZiqbT6oI\/AAAAAAAAALA\/9DbYAD455-0\/2010-06.27_Arnspitz%C3%BCberschreitung_072.jpg\" alt=\"\" \/>\u00a0<br \/>\n<em>Blick zur\u00fcck zur Gro\u00dfen Arnspitze<\/em><br \/>\n<img src=\"http:\/\/lh4.ggpht.com\/_SQa8eOjlNwc\/TCkZjUnFz8I\/AAAAAAAAALA\/kBqdIAji8UQ\/2010-06.27_Arnspitz%C3%BCberschreitung_075.jpg\" alt=\"\" \/>\u00a0<br \/>\n<em>Am Nord-Ost-Grat der Arnplattenspitze<\/em><br \/>\n<img src=\"http:\/\/lh5.ggpht.com\/_SQa8eOjlNwc\/TCkZkc3SdOI\/AAAAAAAAALA\/xkG4kxUxo4o\/2010-06.27_Arnspitz%C3%BCberschreitung_080.jpg\" alt=\"\" \/>\u00a0<br \/>\n<em>Letzter Aufschwung \u00fcber steile Platten zum Gipfel der Arnplattenspitze<\/em><br \/>\n<img src=\"http:\/\/lh4.ggpht.com\/_SQa8eOjlNwc\/TCkZlR9pLPI\/AAAAAAAAALA\/_PqDmGqXZeo\/2010-06.27_Arnspitz%C3%BCberschreitung_085.jpg\" alt=\"\" \/>\u00a0<br \/>\n<img src=\"http:\/\/lh5.ggpht.com\/_SQa8eOjlNwc\/TCkZl_QoWtI\/AAAAAAAAALA\/VeyPvwv-dRo\/2010-06.27_Arnspitz%C3%BCberschreitung_086.jpg\" alt=\"\" \/>\u00a0<br \/>\n<em>Abklettern Richtung Westen<\/em><br \/>\n<img src=\"http:\/\/lh4.ggpht.com\/_SQa8eOjlNwc\/TCkZm52zidI\/AAAAAAAAALA\/09LJVn6QYRE\/2010-06.27_Arnspitz%C3%BCberschreitung_099.jpg\" alt=\"\" \/>\u00a0<br \/>\n<em>Die Arnplattenspitze \u2026 auch von der anderen Seite ziemlich imposant<\/em><br \/>\n<img src=\"http:\/\/lh6.ggpht.com\/_SQa8eOjlNwc\/TCkZnu2aNwI\/AAAAAAAAALA\/VYhChp26Nbk\/2010-06.27_Arnspitz%C3%BCberschreitung_109.jpg\" alt=\"\" \/>\u00a0<br \/>\n<em>Super! \u2026 hier l\u00e4uft Fu\u00dfball im Radio<\/em><br \/>\n<img src=\"http:\/\/lh5.ggpht.com\/_SQa8eOjlNwc\/TCkZoldZ0nI\/AAAAAAAAALA\/6z2xmM26TLw\/2010-06.27_Arnspitz%C3%BCberschreitung_114.jpg\" alt=\"\" \/><\/p>\n<div id=\"wp_fb_like_button\" style=\"margin:5px 5px 5px 0;float:left;height:100px;\"><script src=\"http:\/\/connect.facebook.net\/en_US\/all.js#xfbml=1\"><\/script><fb:like href=\"http:\/\/www.faszination-klettersteig.de\/wordpress\/2010\/06\/27\/arnspitzgruppe-am-27-06-2010\/\" send=\"false\" layout=\"button_count\" width=\"400\" show_faces=\"true\" font=\"arial\" action=\"like\" colorscheme=\"dark\"><\/fb:like><\/div>","protected":false},"excerpt":{"rendered":"<p>Zur Vorbereitung auf die Hochtourensaison diesmal nix am Stahlseil\u00a0 sondern eine anspruchsvollere Bergtour mit alpiner Kraxelei in den unteren Schwierigkeitsgraden. Warmes und stabiles Wetter war angesagt und die Tage sind lang genug f\u00fcr ausgiebige Bergfahrten. Wir wollen also mal wieder ein paar Sachen auf unserer ToDo-Liste abhaken und zugleich einen bislang schwarzen Fleck auf unserer&hellip;<\/p>\n","protected":false},"author":1,"featured_media":0,"comment_status":"closed","ping_status":"closed","sticky":false,"template":"","format":"standard","meta":{"_mi_skip_tracking":false},"categories":[139],"tags":[116,114,115],"_links":{"self":[{"href":"http:\/\/www.faszination-klettersteig.de\/wordpress\/wp-json\/wp\/v2\/posts\/355"}],"collection":[{"href":"http:\/\/www.faszination-klettersteig.de\/wordpress\/wp-json\/wp\/v2\/posts"}],"about":[{"href":"http:\/\/www.faszination-klettersteig.de\/wordpress\/wp-json\/wp\/v2\/types\/post"}],"author":[{"embeddable":true,"href":"http:\/\/www.faszination-klettersteig.de\/wordpress\/wp-json\/wp\/v2\/users\/1"}],"replies":[{"embeddable":true,"href":"http:\/\/www.faszination-klettersteig.de\/wordpress\/wp-json\/wp\/v2\/comments?post=355"}],"version-history":[{"count":1,"href":"http:\/\/www.faszination-klettersteig.de\/wordpress\/wp-json\/wp\/v2\/posts\/355\/revisions"}],"predecessor-version":[{"id":2105,"href":"http:\/\/www.faszination-klettersteig.de\/wordpress\/wp-json\/wp\/v2\/posts\/355\/revisions\/2105"}],"wp:attachment":[{"href":"http:\/\/www.faszination-klettersteig.de\/wordpress\/wp-json\/wp\/v2\/media?parent=355"}],"wp:term":[{"taxonomy":"category","embeddable":true,"href":"http:\/\/www.faszination-klettersteig.de\/wordpress\/wp-json\/wp\/v2\/categories?post=355"},{"taxonomy":"post_tag","embeddable":true,"href":"http:\/\/www.faszination-klettersteig.de\/wordpress\/wp-json\/wp\/v2\/tags?post=355"}],"curies":[{"name":"wp","href":"https:\/\/api.w.org\/{rel}","templated":true}]}}