{"id":286,"date":"2010-10-09T22:00:33","date_gmt":"2010-10-09T21:00:33","guid":{"rendered":"http:\/\/www.faszination-klettersteig.de\/wordpress\/?p=286"},"modified":"2013-10-13T07:58:25","modified_gmt":"2013-10-13T06:58:25","slug":"watzmannueberschreitung-am-09-10-2010","status":"publish","type":"post","link":"http:\/\/www.faszination-klettersteig.de\/wordpress\/2010\/10\/09\/watzmannueberschreitung-am-09-10-2010\/","title":{"rendered":"Watzmann\u00fcberschreitung am 09.10.2010"},"content":{"rendered":"<p>Nachdem viele die Chance hatten, einen der guten Tage im SOMMER 2010 f\u00fcr diese Tour zu nutzen und unter der Woche von der Arbeit fl\u00fcchten konnten (Wochenende w\u00e4re reiner Wahnsinn), hatten wir das ganze eigentlich f\u00fcr den September geplant, jedoch war uns auch da der Wettergott nicht sonderlich wohlgesinnt.<\/p>\n<p>Aufgrund des erneut fr\u00fchen \u201eWintereinbruchs\u201c im September sah es so aus, als ob heuer mal wieder \u00fcberhaupt nichts mehr ginge, aber da muss man einfach etwas optimistisch bleiben \u2026 auch Winterbegehungen haben ihren Reiz (aber ganz so krass sollte es nicht kommen). Zumindest hatte ich wohl als einziger die Hoffnung nicht aufgegeben, dass dieses Jahr doch noch was daraus wird.<\/p>\n<p>Nachdem das mit dem letzten Schneefall doch wieder eine Zeit lang her war und der Wetterbericht f\u00fcrs Wochenende traumhafte Bedingungen vorhersagte, war f\u00fcr Ines und mich klar, dass wir es packen. Mit etwas Druck und \u00dcberzeugungsarbeit konnte ich dann sogar noch Sabine und Ralf zum Mitkommen \u00fcberreden und auch der Rup kam noch ganz spontan mit.<\/p>\n<p>\u00a0<\/p>\n<p>Trotz morgendlicher Bew\u00f6lkung und Hochnebel zeigte uns der \u201eschwarz-rot-gold\u201c brennende Horizont nicht nur, dass \u201eunsere Jungs\u201c am Vorabend die T\u00fcrkei mit 3:0 weggefegt haben, sondern auch, dass uns ein perfekter Tag erwartet \u2026<br \/>\n<img src=\"http:\/\/lh5.ggpht.com\/_SQa8eOjlNwc\/TLM0g8Zqe9I\/AAAAAAAAAa4\/QprF39W_AJc\/20101009065651_P1050729.jpg\" alt=\"\" \/><\/p>\n<p>Das Watzmannhaus \u2026 fast wie ein M\u00e4rchenschloss \u2026<br \/>\n<img src=\"http:\/\/lh5.ggpht.com\/_SQa8eOjlNwc\/TLM0hbMkxFI\/AAAAAAAAAa8\/N1cWRw4ya4M\/20101009070813_P1050735.jpg\" alt=\"\" \/><\/p>\n<p>Die Sonne sorgt f\u00fcr mehr W\u00e4rme \u2026<br \/>\n<img src=\"http:\/\/lh3.ggpht.com\/_SQa8eOjlNwc\/TLM0hz8gHPI\/AAAAAAAAAbA\/M8rWrKb4j1g\/20101009072317_P1050737.jpg\" alt=\"\" \/><\/p>\n<p>\u2026 und bringt endlich Licht ins Dunkle \u2026<br \/>\n<img src=\"http:\/\/lh5.ggpht.com\/_SQa8eOjlNwc\/TLM0iYkg3aI\/AAAAAAAAAbE\/mUWECGhKH-0\/20101009081302_P1050763.jpg\" alt=\"\" \/><\/p>\n<p>Nichts los am Hocheck \u2026 sind heute wohl alle am Gr\u00fcnstein und stehen Schlange im Isidor-Klettersteig \u2026<br \/>\n<img src=\"http:\/\/lh6.ggpht.com\/_SQa8eOjlNwc\/TLM0jHpOEYI\/AAAAAAAAAbI\/qsk0AdUBxgw\/20101009083531_P1050777.jpg\" alt=\"\" \/><\/p>\n<p>Wir waren zwar nicht die einzigen, die die \u00dcberschreitung gemacht haben, aber die wenigen Leute haben sich gut \u00fcber den Grat verteilt und wir mussten auch nirgends anstehen \u2026<br \/>\n<img src=\"http:\/\/lh4.ggpht.com\/_SQa8eOjlNwc\/TLM0jyvtNNI\/AAAAAAAAAbM\/GI9RnNOyJX0\/20101009084837_P1050787.jpg\" alt=\"\" \/><\/p>\n<p>Vereinzelt gab es noch kleinere Schneefelder zu queren \u2026<br \/>\n<img src=\"http:\/\/lh3.ggpht.com\/_SQa8eOjlNwc\/TLM0lHszQ7I\/AAAAAAAAAbU\/JUXqUTFx3pE\/20101009095940_P1050834.jpg\" alt=\"\" \/><\/p>\n<p>An der Mittelspitze \u2026<br \/>\n<img src=\"http:\/\/lh5.ggpht.com\/_SQa8eOjlNwc\/TLM0lkav1aI\/AAAAAAAAAbY\/h50I1IoBcHU\/20101009100403_P1050840.jpg\" alt=\"\" \/><\/p>\n<p>Weiterweg mit grandioser Fernsicht \u2026<br \/>\n<img src=\"http:\/\/lh5.ggpht.com\/_SQa8eOjlNwc\/TLM0kYMcgCI\/AAAAAAAAAbQ\/owGSj3vqgtI\/20101009094707_P1050829.jpg\" alt=\"\" \/><\/p>\n<p>Auch hier immer wieder Restschnee vom September \u2026<br \/>\n<img src=\"http:\/\/lh6.ggpht.com\/_SQa8eOjlNwc\/TLM0mYD1JnI\/AAAAAAAAAbc\/96yBzeE4wF0\/20101009111114_P1050867.jpg\" alt=\"\" \/><\/p>\n<p>Auf dem Weg zur S\u00fcdspitze bl\u00e4st der Wind die letzten Wolken vom Himmel \u2026<br \/>\n<img src=\"http:\/\/lh6.ggpht.com\/_SQa8eOjlNwc\/TLM0nEd2JvI\/AAAAAAAAAbg\/VtPukJqJ1iA\/20101009112108_P1050871.jpg\" alt=\"\" \/><\/p>\n<p>Ein Hauch von Freiheit auf der S\u00fcdspitze \u2026<br \/>\n<img src=\"http:\/\/lh5.ggpht.com\/_SQa8eOjlNwc\/TLM0n07GEjI\/AAAAAAAAAbk\/zUWKZbM6J4Y\/20101009114238_P1050882.jpg\" alt=\"\" \/><\/p>\n<p>\u00dcber den m\u00fchsamen Abstieg ins Wimbachgries m\u00f6chte ich hier kein Wort verlieren, deshalb steuern wir gleich auf die verdiente Einkehr zu \u2026<br \/>\n<img src=\"http:\/\/lh4.ggpht.com\/_SQa8eOjlNwc\/TLM0phburFI\/AAAAAAAAAbs\/tJrHduEMMAE\/20101009155802_P1050983.jpg\" alt=\"\" \/><\/p>\n<p>Reges Treiben an der Wimbachgriesh\u00fctte \u2026<br \/>\n<img src=\"http:\/\/lh4.ggpht.com\/_SQa8eOjlNwc\/TLM0qwiJp1I\/AAAAAAAAAbw\/mKmmVMtmOX0\/20101009161120_P1050986.jpg\" alt=\"\" \/><\/p>\n<p>Im Oktober sind die Tage f\u00fcr diese Tour schon ganz sch\u00f6n kurz, aber auch im Dunkeln l\u00e4sst es sich gut aus dem Tal \u201erauslaufen\u201c \u2026<br \/>\n<img src=\"http:\/\/lh4.ggpht.com\/_SQa8eOjlNwc\/TLM0sEio6WI\/AAAAAAAAAb0\/Fl1EBpgdNEI\/20101009183501_P1060009.jpg\" alt=\"\" \/><\/p>\n<p>Wir haben wohl die letzte M\u00f6glichkeit dieses Jahr f\u00fcr diese Tour genutzt \u2026 und schee war\u2019s.<\/p>\n<p><strong>Fundstellen:<\/strong><br \/>\nTourenbeschreibung: <a href=\"http:\/\/www.roberge.de\/tour.php?id=776\">www.roberge.de\/tour.php?id=776<\/a><br \/>\nWatzmannhaus: <a href=\"http:\/\/www.watzmannhaus.de\">www.watzmannhaus.de<\/a><br \/>\nWimbachgriesh\u00fctte: <a href=\"http:\/\/www.wimbachgrieshuette.de\">www.wimbachgrieshuette.de<\/a><br \/>\nWatzmann auf wiki: <a href=\"http:\/\/de.wikipedia.org\/wiki\/Watzmann\">de.wikipedia.org\/wiki\/Watzmann<\/a><\/p>\n<div id=\"wp_fb_like_button\" style=\"margin:5px 5px 5px 0;float:left;height:100px;\"><script src=\"http:\/\/connect.facebook.net\/en_US\/all.js#xfbml=1\"><\/script><fb:like href=\"http:\/\/www.faszination-klettersteig.de\/wordpress\/2010\/10\/09\/watzmannueberschreitung-am-09-10-2010\/\" send=\"false\" layout=\"button_count\" width=\"400\" show_faces=\"true\" font=\"arial\" action=\"like\" colorscheme=\"dark\"><\/fb:like><\/div>","protected":false},"excerpt":{"rendered":"<p>Nachdem viele die Chance hatten, einen der guten Tage im SOMMER 2010 f\u00fcr diese Tour zu nutzen und unter der Woche von der Arbeit fl\u00fcchten konnten (Wochenende w\u00e4re reiner Wahnsinn), hatten wir das ganze eigentlich f\u00fcr den September geplant, jedoch war uns auch da der Wettergott nicht sonderlich wohlgesinnt. Aufgrund des erneut fr\u00fchen \u201eWintereinbruchs\u201c im&hellip;<\/p>\n","protected":false},"author":1,"featured_media":0,"comment_status":"closed","ping_status":"closed","sticky":false,"template":"","format":"standard","meta":{"_mi_skip_tracking":false},"categories":[139,137],"tags":[67,72,71,68,175,70],"_links":{"self":[{"href":"http:\/\/www.faszination-klettersteig.de\/wordpress\/wp-json\/wp\/v2\/posts\/286"}],"collection":[{"href":"http:\/\/www.faszination-klettersteig.de\/wordpress\/wp-json\/wp\/v2\/posts"}],"about":[{"href":"http:\/\/www.faszination-klettersteig.de\/wordpress\/wp-json\/wp\/v2\/types\/post"}],"author":[{"embeddable":true,"href":"http:\/\/www.faszination-klettersteig.de\/wordpress\/wp-json\/wp\/v2\/users\/1"}],"replies":[{"embeddable":true,"href":"http:\/\/www.faszination-klettersteig.de\/wordpress\/wp-json\/wp\/v2\/comments?post=286"}],"version-history":[{"count":1,"href":"http:\/\/www.faszination-klettersteig.de\/wordpress\/wp-json\/wp\/v2\/posts\/286\/revisions"}],"predecessor-version":[{"id":2097,"href":"http:\/\/www.faszination-klettersteig.de\/wordpress\/wp-json\/wp\/v2\/posts\/286\/revisions\/2097"}],"wp:attachment":[{"href":"http:\/\/www.faszination-klettersteig.de\/wordpress\/wp-json\/wp\/v2\/media?parent=286"}],"wp:term":[{"taxonomy":"category","embeddable":true,"href":"http:\/\/www.faszination-klettersteig.de\/wordpress\/wp-json\/wp\/v2\/categories?post=286"},{"taxonomy":"post_tag","embeddable":true,"href":"http:\/\/www.faszination-klettersteig.de\/wordpress\/wp-json\/wp\/v2\/tags?post=286"}],"curies":[{"name":"wp","href":"https:\/\/api.w.org\/{rel}","templated":true}]}}