{"id":1934,"date":"2012-10-29T21:00:03","date_gmt":"2012-10-29T20:00:03","guid":{"rendered":"http:\/\/www.faszination-klettersteig.de\/wordpress\/?p=1934"},"modified":"2013-10-13T07:56:43","modified_gmt":"2013-10-13T06:56:43","slug":"kalymnos-2012","status":"publish","type":"post","link":"http:\/\/www.faszination-klettersteig.de\/wordpress\/2012\/10\/29\/kalymnos-2012\/","title":{"rendered":"Klettern auf K\u00e1lymnos 2012"},"content":{"rendered":"<p>Obwohl wir klettertechnisch dieses Jahr wirklich viel unterwegs waren (Laos, 2x Arco sowie zig Mehrseill\u00e4ngenrouten im Alpenraum) hatten wir immer noch nicht genug vom Klettern. Ines musste zudem ihre Zwangspause wegen einem Ringbandriss im August wieder reinholen :-)) \u2026 es war also Zeit f\u00fcr eine selbst auferlegte \u201eReha\u201c.<\/p>\n<p>Unser Kurztrip nach <a href=\"http:\/\/www.faszination-klettersteig.de\/wordpress\/2011\/10\/31\/kalymnos-2011\/\">K\u00e1lymnos im letzten Jahr<\/a> hat uns so gut gefallen, dass wir uns erneut spontan dazu entschlossen unsere \u201eHerbstferien\u201c dort zu verbringen. Diesmal waren wir wesentlich besser vorbereitet und die Hinreise h\u00e4tte wohl kaum besser klappen k\u00f6nnen.<\/p>\n<p>Die Maschine von Condor hob um kurz vor 07:00 Uhr in M\u00fcnchen ab, knappe 3 Stunden (+ 1 Stunde Zeitumstellung) sp\u00e4ter standen wir schon samt Gep\u00e4ck vor dem Flughafen in Kos. Nach dezentem Hinweis \u201eFerry\u201c und deuten auf die Uhr im Taxi, gab der Fahrer richtig Gas und so schafften wir es sogar noch auf die 11:00 Uhr F\u00e4hre nach K\u00e1lymnos (die n\u00e4chste w\u00e4re erst um 14:30 Uhr gegangen). Alles weitere ging auch ruckzuck. Sakis stand nach telefonischer Vorank\u00fcndigung bereits am Hafen in K\u00e1lymnos zur Abholung bereit und bis wir uns versahen, war auch schon das Zimmer in Massouri bezogen. Wir bekamen sogar noch einen Roller beim \u00bbScooterfun\u00ab mit \u201eTOM\u201c-Kennzeichen ;-) \u2026 und so kam es, dass wir bereits um 14:15 Uhr im Sektor \u00bbDolphin Bay\u00ab direkt am Meer standen und die erste Route kletterten \u2026 einfach nur geil!<\/p>\n<p>Obwohl das Wetter nicht ganz so gut war wie letztes Jahr, hatten wir doch jeden Tag bis zu 25\u00b0C. Und da sich die Klettersektoren \u00fcber die ganze Insel verteilen, kann man lokalen Regenschauern auch mal geschickt ausweichen \u2026 sobald die Sonne raus kommt ist eh alles in Null Komma nichts wieder trocken.<\/p>\n<p>Das Ergebnis nach einer Woche Urlaub: 58 Routen (von 4c bis 6b+), mehr als 1300 Klettermeter in 13 Sektoren, wenig Haut auf den Fingerkuppen, kleinere Blessuren und (mal wieder) v\u00f6llig fertige Kletterschuhe.<\/p>\n<p>Einziger Wermutstropfen war die Heimreise \u2026 die nicht ganz so reibungslos verlief wie die Anreise. Nach einem gem\u00fctlichen Fr\u00fchst\u00fcck konnten wir am Abreisetag vormittags sogar noch 4 Routen im Sektor \u00bbPoets\u00ab klettern. Anschlie\u00dfend hatten wir auch noch genug Zeit zum Duschen und Packen. Die F\u00e4hre nach Kos ging um 14:45 Uhr und planm\u00e4\u00dfiger Abflug nach M\u00fcnchen war f\u00fcr 18:40 Uhr vorgesehen. Also mehr als ausreichend Pufferzeit. Vom Schneechaos in Deutschland und den damit verbundenen Verz\u00f6gerungen im Flugverkehr erfuhren wir leider erst nach Gep\u00e4ckabgabe und Sicherheitscheck. Eine genaue R\u00fcckflugzeit konnte uns niemand sagen, da die R\u00fcckflugmaschine von Condor noch beim Enteisen in Frankfurt auf dem Rollfeld stand \u2026 Hurra! Letztendlich verz\u00f6gerte sich der R\u00fcckflug soweit, dass wir dann beim Heimflug wegen dem Nachtflugverbot in M\u00fcnchen fast noch einen anderen Flughafen anfliegen h\u00e4tten m\u00fcssen. Wir bekamen dann doch noch die Erlaubnis um 00:10 Uhr zu landen. Da wir ja auch noch irgendwie nachhause kommen mussten und unser Auto auf einem P+R-Parkplatz am M\u00fcnchner Stadtrand geparkt war, lies ich Ines alleine bei der Gep\u00e4ckausgabe zur\u00fcck und versuchte die S-Bahn um 00:25 Uhr zu bekommen \u2026 geschafft! Die Suche und \u201eAusgrabung\u201c unseres Autos, dass unter einer 15cm dicken Schneeschicht begraben war, stellte die letzte H\u00fcrde unserer Heimreise dar. Soweit ich mich noch erinnern kann, sind wir dann um 02:30 Uhr todm\u00fcde ins Bett gefallen.<\/p>\n<p>Trotz der \u201ewei\u00dfen \u00dcberraschung\u201c inklusive K\u00e4lteschock bei R\u00fcckkehr war es alles in allem eine richtig geile Kletterwoche. Auch unser zweiter Besuch auf K\u00e1lymnos wird sicherlich nicht der letzte gewesen sein.<\/p>\n<p>Vielleicht hat ja beim n\u00e4chsten mal jemand Lust uns in die Griechische \u00c4g\u00e4is zu begleiten. Wir w\u00fcrden uns freuen!<\/p>\n<p>Tom<\/p>\n<h4><strong>Tagebuch:<\/strong><\/h4>\n<p>1. Tag \u2013 schnelle Anreise mit erstem Felskontakt<br \/>\n2. Tag \u2013 \u201eTanzen am Fels\u201c im Sektor \u00bbNoufaro\u00ab<br \/>\n3. Tag \u2013 \u00bbSummertime\u00ab top \u2013 \u00bbApollo\u00ab flop (einmal und nie wieder)<br \/>\n4. Tag \u2013 dicke Regenwolken dr\u00e4ngen uns nach \u00bbArginonta\u00ab<br \/>\n5. Tag \u2013 Traumtag auf der anderen Seite der Insel \/ \u00bbPalionisos Bay\u00ab wir kommen wieder<br \/>\n6. Tag \u2013 harte Kletterei an der \u00bbPocket Wall\u00ab \/ eine 6b muss her<br \/>\n7. Tag \u2013 Ausflug nach Telendos (Was wollen eigentlich alle in \u00bbIrox\u00ab?)<br \/>\n8. Tag \u2013 Heimreise mit Komplikationen<\/p>\n<h4><strong>hilfreiche Links:<\/strong><\/h4>\n<p><a href=\"http:\/\/www.stadler-markus.de\/files\/sportklettern\/klettern_kalymnos.htm\" target=\"_blank\">http:\/\/www.stadler-markus.de\/files\/sportklettern\/klettern_kalymnos.htm<\/a><br \/>\n<a href=\"http:\/\/climbkalymnos.com\/\" target=\"_blank\">http:\/\/climbkalymnos.com\/<\/a><br \/>\n<a href=\"http:\/\/www.kalymnosclimbingguide.com\/\" target=\"_blank\">http:\/\/www.kalymnosclimbingguide.com\/<\/a><br \/>\n<a href=\"http:\/\/www.climbers-nest.com\/\" target=\"_blank\">http:\/\/www.climbers-nest.com\/<\/a><br \/>\n<a href=\"http:\/\/www.kalymnosinfo.com\/\" target=\"_blank\">http:\/\/www.kalymnosinfo.com\/<\/a><br \/>\n<a href=\"http:\/\/scooterfun.gr\/\" target=\"_blank\">http:\/\/scooterfun.gr\/<\/a><br \/>\n<a href=\"http:\/\/www.asprostudios-kalymnos.com\/\" target=\"_blank\">http:\/\/www.asprostudios-kalymnos.com\/<\/a><\/p>\n<div id=\"wp_fb_like_button\" style=\"margin:5px 5px 5px 0;float:left;height:100px;\"><script src=\"http:\/\/connect.facebook.net\/en_US\/all.js#xfbml=1\"><\/script><fb:like href=\"http:\/\/www.faszination-klettersteig.de\/wordpress\/2012\/10\/29\/kalymnos-2012\/\" send=\"false\" layout=\"button_count\" width=\"400\" show_faces=\"true\" font=\"arial\" action=\"like\" colorscheme=\"dark\"><\/fb:like><\/div>","protected":false},"excerpt":{"rendered":"<p>Obwohl wir klettertechnisch dieses Jahr wirklich viel unterwegs waren (Laos, 2x Arco sowie zig Mehrseill\u00e4ngenrouten im Alpenraum) hatten wir immer noch nicht genug vom Klettern. Ines musste zudem ihre Zwangspause wegen einem Ringbandriss im August wieder reinholen :-)) \u2026 es war also Zeit f\u00fcr eine selbst auferlegte \u201eReha\u201c. Unser Kurztrip nach K\u00e1lymnos im letzten Jahr&hellip;<\/p>\n","protected":false},"author":1,"featured_media":0,"comment_status":"closed","ping_status":"closed","sticky":false,"template":"","format":"standard","meta":{"_mi_skip_tracking":false},"categories":[300,221],"tags":[296,297],"_links":{"self":[{"href":"http:\/\/www.faszination-klettersteig.de\/wordpress\/wp-json\/wp\/v2\/posts\/1934"}],"collection":[{"href":"http:\/\/www.faszination-klettersteig.de\/wordpress\/wp-json\/wp\/v2\/posts"}],"about":[{"href":"http:\/\/www.faszination-klettersteig.de\/wordpress\/wp-json\/wp\/v2\/types\/post"}],"author":[{"embeddable":true,"href":"http:\/\/www.faszination-klettersteig.de\/wordpress\/wp-json\/wp\/v2\/users\/1"}],"replies":[{"embeddable":true,"href":"http:\/\/www.faszination-klettersteig.de\/wordpress\/wp-json\/wp\/v2\/comments?post=1934"}],"version-history":[{"count":1,"href":"http:\/\/www.faszination-klettersteig.de\/wordpress\/wp-json\/wp\/v2\/posts\/1934\/revisions"}],"predecessor-version":[{"id":2029,"href":"http:\/\/www.faszination-klettersteig.de\/wordpress\/wp-json\/wp\/v2\/posts\/1934\/revisions\/2029"}],"wp:attachment":[{"href":"http:\/\/www.faszination-klettersteig.de\/wordpress\/wp-json\/wp\/v2\/media?parent=1934"}],"wp:term":[{"taxonomy":"category","embeddable":true,"href":"http:\/\/www.faszination-klettersteig.de\/wordpress\/wp-json\/wp\/v2\/categories?post=1934"},{"taxonomy":"post_tag","embeddable":true,"href":"http:\/\/www.faszination-klettersteig.de\/wordpress\/wp-json\/wp\/v2\/tags?post=1934"}],"curies":[{"name":"wp","href":"https:\/\/api.w.org\/{rel}","templated":true}]}}