{"id":1900,"date":"2013-04-21T21:30:09","date_gmt":"2013-04-21T20:30:09","guid":{"rendered":"http:\/\/www.faszination-klettersteig.de\/wordpress\/?p=1900"},"modified":"2013-10-13T07:56:42","modified_gmt":"2013-10-13T06:56:42","slug":"breitenstein-am-21-04-2013","status":"publish","type":"post","link":"http:\/\/www.faszination-klettersteig.de\/wordpress\/2013\/04\/21\/breitenstein-am-21-04-2013\/","title":{"rendered":"Breitenstein am 21.04.2013"},"content":{"rendered":"<p>Hatte mir schon gedacht, dass heute (fast) alle auf den Heuberg rumpeln \u2026 wir haben deswegen erst einmal ausgeschlafen und gem\u00fctlich gefr\u00fchst\u00fcckt. Dann ging es nach Fischbachau.<\/p>\n<p>Start am gro\u00dfem Wanderparkplatz Birkenstein bereits unter blauem Himmel und Sonnenschein. Aufstieg \u00fcber das \u00bbFensterl\u00ab komplett schnee- und menschenfrei. Der \u00bbOtti\u00ab war zuletzt am 18.04. oben.<\/p>\n<p>Durch die fortschreitende Tageserw\u00e4rmung baute sich im Tal eine m\u00e4chtige Inversionsschicht auf. Einfach toll wenn man dr\u00fcber ist.<\/p>\n<p>Bei der Querung des Normalweges kurz vorm Westgipfel (Bockstein) erster nennenswerter Schneekontakt. Am Westgipfel erstes Sonnenbad und Brotzeit bei gef\u00fchlten 20\u00b0C. Nach 45 Minuten weiter Richtung Hauptgipfel; hier immer wieder mal kurzer Schneekontakt. Am Hauptgipfel ziemlich windig und sogar ein paar Leute, deswegen auch gleich runter zur Hubertush\u00fctte (noch geschlossen). Dort windstill und einsam, deswegen nochmal 45 Minuten Sonnenbad bei gef\u00fchlten 25\u00b0C.<\/p>\n<p>Abstieg \u00fcber den Normalweg hinunter zur \u201aForststra\u00dfe\u2018 derzeit etwas speziell (Sumpfschnee, Eisplatten, Matsch, nasser polierter Fels) \u2026 mit entsprechender Trittsicherheit aber trotzdem gut machbar. Auch hier \u00fcberall Krokus zu sehen ( die gibt\u2019s nicht nur am Heuberg ).<\/p>\n<p>Kesselalm h\u00e4tte sogar offen gehabt (11-17 Uhr), aber Pause hatten wir genug.<\/p>\n<p>Forststra\u00dfe hinab zum Parkplatz schneefrei \u2026 leider aber in der Inversionsschicht liegend \u2026 deswegen \u201eSchnellabstieg\u201c.<\/p>\n<p>Tom<\/p>\n<div id=\"wp_fb_like_button\" style=\"margin:5px 5px 5px 0;float:left;height:100px;\"><script src=\"http:\/\/connect.facebook.net\/en_US\/all.js#xfbml=1\"><\/script><fb:like href=\"http:\/\/www.faszination-klettersteig.de\/wordpress\/2013\/04\/21\/breitenstein-am-21-04-2013\/\" send=\"false\" layout=\"button_count\" width=\"400\" show_faces=\"true\" font=\"arial\" action=\"like\" colorscheme=\"dark\"><\/fb:like><\/div>","protected":false},"excerpt":{"rendered":"<p>Hatte mir schon gedacht, dass heute (fast) alle auf den Heuberg rumpeln \u2026 wir haben deswegen erst einmal ausgeschlafen und gem\u00fctlich gefr\u00fchst\u00fcckt. Dann ging es nach Fischbachau. Start am gro\u00dfem Wanderparkplatz Birkenstein bereits unter blauem Himmel und Sonnenschein. Aufstieg \u00fcber das \u00bbFensterl\u00ab komplett schnee- und menschenfrei. Der \u00bbOtti\u00ab war zuletzt am 18.04. oben. Durch die&hellip;<\/p>\n","protected":false},"author":1,"featured_media":0,"comment_status":"closed","ping_status":"closed","sticky":false,"template":"","format":"standard","meta":{"_mi_skip_tracking":false},"categories":[139],"tags":[19,18,384,385,20],"_links":{"self":[{"href":"http:\/\/www.faszination-klettersteig.de\/wordpress\/wp-json\/wp\/v2\/posts\/1900"}],"collection":[{"href":"http:\/\/www.faszination-klettersteig.de\/wordpress\/wp-json\/wp\/v2\/posts"}],"about":[{"href":"http:\/\/www.faszination-klettersteig.de\/wordpress\/wp-json\/wp\/v2\/types\/post"}],"author":[{"embeddable":true,"href":"http:\/\/www.faszination-klettersteig.de\/wordpress\/wp-json\/wp\/v2\/users\/1"}],"replies":[{"embeddable":true,"href":"http:\/\/www.faszination-klettersteig.de\/wordpress\/wp-json\/wp\/v2\/comments?post=1900"}],"version-history":[{"count":1,"href":"http:\/\/www.faszination-klettersteig.de\/wordpress\/wp-json\/wp\/v2\/posts\/1900\/revisions"}],"predecessor-version":[{"id":2020,"href":"http:\/\/www.faszination-klettersteig.de\/wordpress\/wp-json\/wp\/v2\/posts\/1900\/revisions\/2020"}],"wp:attachment":[{"href":"http:\/\/www.faszination-klettersteig.de\/wordpress\/wp-json\/wp\/v2\/media?parent=1900"}],"wp:term":[{"taxonomy":"category","embeddable":true,"href":"http:\/\/www.faszination-klettersteig.de\/wordpress\/wp-json\/wp\/v2\/categories?post=1900"},{"taxonomy":"post_tag","embeddable":true,"href":"http:\/\/www.faszination-klettersteig.de\/wordpress\/wp-json\/wp\/v2\/tags?post=1900"}],"curies":[{"name":"wp","href":"https:\/\/api.w.org\/{rel}","templated":true}]}}