{"id":1889,"date":"2013-02-08T23:00:13","date_gmt":"2013-02-08T22:00:13","guid":{"rendered":"http:\/\/www.faszination-klettersteig.de\/wordpress\/?p=1889"},"modified":"2013-10-13T07:56:43","modified_gmt":"2013-10-13T06:56:43","slug":"muehlhornwand-am-08-02-2013","status":"publish","type":"post","link":"http:\/\/www.faszination-klettersteig.de\/wordpress\/2013\/02\/08\/muehlhornwand-am-08-02-2013\/","title":{"rendered":"Skitour: M\u00fchlhornwand am 08.02.2013"},"content":{"rendered":"<p>Geplant war etwas ganz anderes, aber bei LWS 3 und anhaltendem Dauerschneefall wurde kurzfristig umdisponiert. Als Ausweichziel sollte dann eigentlich der Geigelstein herhalten, aber selbst das wurde uns auch im zweiten Anlauf verwehrt.<\/p>\n<p>Start war am gro\u00dfen Parkplatz in Sachrang bei dichtem Schneefall. Zun\u00e4chst ging es die frisch gewalzte Forststra\u00dfe hoch. Auf H\u00f6he vom Judensee nat\u00fcrlich den Abschneider mitgenommen. Hier bekamen wir schon eine erste Vorahnung, wieviel Schnee die letzten Tage gefallen ist. Als wir wieder auf den Forstweg einf\u00e4delten war auch hier Spuren angesagt. Mit jedem Meter wurde der Schnee mehr. Als wir dann die Forststra\u00dfe wieder in Richtung Sulzingalm \/ Bergwachth\u00fctte \/ Oberkaseralm verlie\u00dfen, war eigentlich schon klar, dass wir nicht recht weit kommen w\u00fcrden (wir wollten es nur nicht wahrhaben). Als wir vor der so gut wie g\u00e4nzlich eingeschneiten Oberkaseralm standen, musste ich an die <a href=\"http:\/\/www.tz-online.de\/aktuelles\/bayern\/die-rettung-der-oberkaser-mare-97221.html\" target=\"_blank\">Rettungsaktion aus dem Jahr 2009<\/a> denken. Die \u201eAlte\u201c heizt scheinbar immer noch flei\u00dfig ein, da auch heute der Rauch von Kaminfeuer wahrnehmbar war, obwohl man fast nichts mehr von Almh\u00fctten gesehen hat. Echt krass!<\/p>\n<p>Wir entschlossen uns jedenfalls zu einem Abbruch, da einfach zuviel Schnee lag. Laut Lawinenlagebericht sollen die vergangene Nacht zwischen 20 und 40cm Neuschnee gefallen sein. Tats\u00e4chlich liegt viel mehr Neuschnee im Bereich Geigelstein \u2013 also lieber etwas Umsicht zeigen.<\/p>\n<p>N\u00e4chstes Ziel: Priener H\u00fctte. Da an eine geschmeidige Abfahrt augenscheinlich nicht zu denken war, haben wir gleich die Felle dran gelassen und sind mit den Ski \u201eabgestiegen\u201c (fast schon peinlich).<\/p>\n<p>Auf der Priener H\u00fctte war \u2013 wie schon gedacht \u2013 ebenfalls nichts los. Es gab jedoch frischen Schoko-Kirsch-Kuchen (lecker) und hei\u00dfe Getr\u00e4nke, was uns zum \u201eAufladen\u201c reichte. W\u00e4hrend der St\u00e4rkung besserte sich das Wetter etwas und auch der Schneefall lie\u00df etwas nach. Bei etwas mehr Sicht wollten wir uns den Aufstieg ab der Oberkaseralm nochmal anschauen, doch auch als wir kurz sp\u00e4ter zum zweiten mal dort oben standen, war uns klar, dass da heute keinesfalls ein Aufstieg m\u00f6glich ist.<\/p>\n<p>Auf kleinem Umweg \u00fcber die Sulzingalm k\u00e4mpften wir uns schlie\u00dflich Meter f\u00fcr Meter rauf zur M\u00fchlhornwand. Bei \u00fcberlegter Spuranlage war das Ziel f\u00fcr uns auch bei den Verh\u00e4ltnissen vertretbar. Oben auf der \u201eWand\u201c war dann nochmal so richtig Winter. Zu unserer \u00dcberraschung konnten wir dann aber den Gipfeltee ohne Wind und Niederschlag genie\u00dfen.<\/p>\n<p>Zur anschlie\u00dfenden Abfahrt fehlen mir eigentlich die Worte. Soetwas habe ich \u2013 <em>bis zum heutigen Tage<\/em> \u2013 noch nicht erlebt. In teilweise fast h\u00fcfttiefem Powder war es schwer an Fahrt aufzunehmen, zumal sich die Steilheit der Abfahrt in Grenzen h\u00e4lt. Es war also mehrmals notwendig bergab zu schieben (und NEIN, die Felle waren jetzt nicht mehr an den Ski). Schw\u00fcnge waren so gut wie unm\u00f6glich, da man sofort wieder zum Stillstand kam, wenn die Skispitzen nicht talw\u00e4rts schauten. Ich kam mir vor wie ein Schneepflug. Einfach Wahnsinn! Erst bei der Talabfahrt auf dem Forstweg ging es wieder etwas flotter dahin.<\/p>\n<p>Bei all dem hin und her sowie rauf und runter kamen dann doch mehr als 16 Kilometer und ein Sack voll H\u00f6henmeter jenseits der 1200er Marke zusammen.<\/p>\n<p><strong>relevante Tourenbeschreibungen auf roBerge:<\/strong><br \/>\n<a href=\"http:\/\/www.roberge.de\/tour.php?tbID=365\" target=\"_blank\">www.roberge.de\/tour.php?tbID=365<\/a><br \/>\n<a href=\"http:\/\/www.roberge.de\/tour.php?tbID=593\" target=\"_blank\">www.roberge.de\/tour.php?tbID=593<\/a><\/p>\n<p>Da sich die Schnee- und Lawinenlage die n\u00e4chsten Tage nicht wirklich bessern soll, passt da drau\u00dfen bitte auf euch auf.<\/p>\n<p>Sch\u00f6nes Wochenende.<\/p>\n<p>Tom<br \/>\n\u2026 unterwegs mit Freunden<\/p>\n<div id=\"wp_fb_like_button\" style=\"margin:5px 5px 5px 0;float:left;height:100px;\"><script src=\"http:\/\/connect.facebook.net\/en_US\/all.js#xfbml=1\"><\/script><fb:like href=\"http:\/\/www.faszination-klettersteig.de\/wordpress\/2013\/02\/08\/muehlhornwand-am-08-02-2013\/\" send=\"false\" layout=\"button_count\" width=\"400\" show_faces=\"true\" font=\"arial\" action=\"like\" colorscheme=\"dark\"><\/fb:like><\/div>","protected":false},"excerpt":{"rendered":"<p>Geplant war etwas ganz anderes, aber bei LWS 3 und anhaltendem Dauerschneefall wurde kurzfristig umdisponiert. Als Ausweichziel sollte dann eigentlich der Geigelstein herhalten, aber selbst das wurde uns auch im zweiten Anlauf verwehrt. Start war am gro\u00dfen Parkplatz in Sachrang bei dichtem Schneefall. Zun\u00e4chst ging es die frisch gewalzte Forststra\u00dfe hoch. Auf H\u00f6he vom Judensee&hellip;<\/p>\n","protected":false},"author":1,"featured_media":0,"comment_status":"closed","ping_status":"closed","sticky":false,"template":"","format":"standard","meta":{"_mi_skip_tracking":false},"categories":[149],"tags":[383,75,42],"_links":{"self":[{"href":"http:\/\/www.faszination-klettersteig.de\/wordpress\/wp-json\/wp\/v2\/posts\/1889"}],"collection":[{"href":"http:\/\/www.faszination-klettersteig.de\/wordpress\/wp-json\/wp\/v2\/posts"}],"about":[{"href":"http:\/\/www.faszination-klettersteig.de\/wordpress\/wp-json\/wp\/v2\/types\/post"}],"author":[{"embeddable":true,"href":"http:\/\/www.faszination-klettersteig.de\/wordpress\/wp-json\/wp\/v2\/users\/1"}],"replies":[{"embeddable":true,"href":"http:\/\/www.faszination-klettersteig.de\/wordpress\/wp-json\/wp\/v2\/comments?post=1889"}],"version-history":[{"count":1,"href":"http:\/\/www.faszination-klettersteig.de\/wordpress\/wp-json\/wp\/v2\/posts\/1889\/revisions"}],"predecessor-version":[{"id":2025,"href":"http:\/\/www.faszination-klettersteig.de\/wordpress\/wp-json\/wp\/v2\/posts\/1889\/revisions\/2025"}],"wp:attachment":[{"href":"http:\/\/www.faszination-klettersteig.de\/wordpress\/wp-json\/wp\/v2\/media?parent=1889"}],"wp:term":[{"taxonomy":"category","embeddable":true,"href":"http:\/\/www.faszination-klettersteig.de\/wordpress\/wp-json\/wp\/v2\/categories?post=1889"},{"taxonomy":"post_tag","embeddable":true,"href":"http:\/\/www.faszination-klettersteig.de\/wordpress\/wp-json\/wp\/v2\/tags?post=1889"}],"curies":[{"name":"wp","href":"https:\/\/api.w.org\/{rel}","templated":true}]}}