{"id":1851,"date":"2013-01-13T22:00:57","date_gmt":"2013-01-13T21:00:57","guid":{"rendered":"http:\/\/www.faszination-klettersteig.de\/wordpress\/?p=1851"},"modified":"2013-10-13T07:56:43","modified_gmt":"2013-10-13T06:56:43","slug":"galtjoch-am-13-01-2013","status":"publish","type":"post","link":"http:\/\/www.faszination-klettersteig.de\/wordpress\/2013\/01\/13\/galtjoch-am-13-01-2013\/","title":{"rendered":"Skitour: Galtjoch am 13.01.2013"},"content":{"rendered":"<p>Das Galtjoch (2.109m) gilt mit als eines der beliebtesten Skitourenziele in den Lechtaler Alpen \u2026 f\u00fcr uns war das heute Grund genug, dem Gipfel auch mal auf\u2019s Haupt zu steigen.<\/p>\n<p>Wir waren mal wieder etwas sp\u00e4t dran, hatten dann aber doch noch das Gl\u00fcck den letzten Parkplatz in der Ortschaft Rinnen \u2013 westlich der Stra\u00dfe \u2013 zu ergattern. Grunds\u00e4tzlich besteht auch noch die M\u00f6glichkeit die begrenzten Parkm\u00f6glichkeiten am Skilift \u2013 \u00f6stlich der Stra\u00dfe \u2013 in Anspruch zu nehmen, dann hat man aber am Ende der Tour nochmals einen Gegenanstieg von 100 Hm (das muss nicht sein, oder?).<\/p>\n<p>Der Sonne und dem blauen Himmel sei Dank, dass uns bei einer Starttemperatur von -7\u00b0C ziemlich schnell warm wurde.<\/p>\n<p>Knapp 40 Minuten folgt man zun\u00e4chst ziemlich eint\u00f6nig der Forststra\u00dfe bis man dann auf die erste gro\u00dfe Freifl\u00e4che trifft. Da es sich um eine Modetour handelt, kann man sich wohl auch nicht verlaufen. Sollte es dennoch mal nicht gespurt sein, dann ist die Richtung vorbildlich mit \u201eSkitour Galtjoch\u201c Wegweisern ausgeschildert. Im Mittelteil kann man durch mehrere Abschneider immer wieder den Forstweg abk\u00fcrzen und kommt dann durch einen steilen Waldabschnitt direkt an der Ehenbichler Raaz-Alpe raus.<\/p>\n<p>Der Aufstieg ist hier jedoch noch nicht zu Ende. Erst nach den letzten B\u00e4umen hat man freien Blick auf die weitl\u00e4ufigen Abfahrtsh\u00e4nge. Man darf sich aber von der h\u00f6chsten zu sehenden Kuppe nicht t\u00e4uschen lassen \u2026 das ist auch noch nicht der Gipfel \u2026 der ist noch ein ganzes St\u00fcck nach hinten verlagert. Die Vorfreude auf die Abfahrt w\u00e4chst dort oben aber mit jedem Meter, den man aufsteigt. Also nur zu.<\/p>\n<p>Der Gipfel selbst bietet ein wundersch\u00f6nes Panorama \u2026 zudem ist er von der Fl\u00e4che her gro\u00df genug um auch allen Skitourengehern einen Platz zu bieten.<\/p>\n<p>Kein Wunder, dass die Tour so beliebt ist!<\/p>\n<p><span style=\"text-decoration: underline;\">Unser Fazit<\/span>: Traumhaftes Wetter, genialer Powder und eine sch\u00f6ne Abfahrt.<\/p>\n<p>Nicht nur die freien H\u00e4nge im Gipfelbereich, sondern auch die Waldpassagen unterhalb der Ehenbichler Raaz-Alpe haben uns richtig Spa\u00df gemacht \u2013 wir machen Fortschritte!<\/p>\n<p>\u2014 knapp 1.000 Hm auf 12,4 km (gesamt) \u2014<\/p>\n<p>Tom<\/p>\n<div id=\"wp_fb_like_button\" style=\"margin:5px 5px 5px 0;float:left;height:100px;\"><script src=\"http:\/\/connect.facebook.net\/en_US\/all.js#xfbml=1\"><\/script><fb:like href=\"http:\/\/www.faszination-klettersteig.de\/wordpress\/2013\/01\/13\/galtjoch-am-13-01-2013\/\" send=\"false\" layout=\"button_count\" width=\"400\" show_faces=\"true\" font=\"arial\" action=\"like\" colorscheme=\"dark\"><\/fb:like><\/div>","protected":false},"excerpt":{"rendered":"<p>Das Galtjoch (2.109m) gilt mit als eines der beliebtesten Skitourenziele in den Lechtaler Alpen \u2026 f\u00fcr uns war das heute Grund genug, dem Gipfel auch mal auf\u2019s Haupt zu steigen. Wir waren mal wieder etwas sp\u00e4t dran, hatten dann aber doch noch das Gl\u00fcck den letzten Parkplatz in der Ortschaft Rinnen \u2013 westlich der Stra\u00dfe&hellip;<\/p>\n","protected":false},"author":1,"featured_media":0,"comment_status":"closed","ping_status":"closed","sticky":false,"template":"","format":"standard","meta":{"_mi_skip_tracking":false},"categories":[149],"tags":[369,368],"_links":{"self":[{"href":"http:\/\/www.faszination-klettersteig.de\/wordpress\/wp-json\/wp\/v2\/posts\/1851"}],"collection":[{"href":"http:\/\/www.faszination-klettersteig.de\/wordpress\/wp-json\/wp\/v2\/posts"}],"about":[{"href":"http:\/\/www.faszination-klettersteig.de\/wordpress\/wp-json\/wp\/v2\/types\/post"}],"author":[{"embeddable":true,"href":"http:\/\/www.faszination-klettersteig.de\/wordpress\/wp-json\/wp\/v2\/users\/1"}],"replies":[{"embeddable":true,"href":"http:\/\/www.faszination-klettersteig.de\/wordpress\/wp-json\/wp\/v2\/comments?post=1851"}],"version-history":[{"count":1,"href":"http:\/\/www.faszination-klettersteig.de\/wordpress\/wp-json\/wp\/v2\/posts\/1851\/revisions"}],"predecessor-version":[{"id":1967,"href":"http:\/\/www.faszination-klettersteig.de\/wordpress\/wp-json\/wp\/v2\/posts\/1851\/revisions\/1967"}],"wp:attachment":[{"href":"http:\/\/www.faszination-klettersteig.de\/wordpress\/wp-json\/wp\/v2\/media?parent=1851"}],"wp:term":[{"taxonomy":"category","embeddable":true,"href":"http:\/\/www.faszination-klettersteig.de\/wordpress\/wp-json\/wp\/v2\/categories?post=1851"},{"taxonomy":"post_tag","embeddable":true,"href":"http:\/\/www.faszination-klettersteig.de\/wordpress\/wp-json\/wp\/v2\/tags?post=1851"}],"curies":[{"name":"wp","href":"https:\/\/api.w.org\/{rel}","templated":true}]}}