{"id":1526,"date":"2012-05-04T22:00:47","date_gmt":"2012-05-04T21:00:47","guid":{"rendered":"http:\/\/www.faszination-klettersteig.de\/wordpress\/?p=1526"},"modified":"2013-10-13T07:57:12","modified_gmt":"2013-10-13T06:57:12","slug":"leonhardstein-am-04-05-2012","status":"publish","type":"post","link":"http:\/\/www.faszination-klettersteig.de\/wordpress\/2012\/05\/04\/leonhardstein-am-04-05-2012\/","title":{"rendered":"Leonhardstein: \u00bbHy Leoni\u00ab (VI) am 04.05.2012"},"content":{"rendered":"<p>Lange haben wir mit der Begehung gez\u00f6gert, gestern wurde es dann ganz spontan eine Nachmittagstour.<\/p>\n<p>Zustieg und Beschreibung zur \u00bb<strong>Hy Leoni<\/strong>\u00ab sind auf <a title=\"bergundsteigen.de\" href=\"http:\/\/www.bergundsteigen.de\/forum\/viewtopic.php?id=3956\" target=\"_blank\">bergundsteigen.de<\/a> zu finden. Hier kurz das Wichtigste:<\/p>\n<blockquote><p>Leonhardstein (1.452m), Linke S\u00fcdwand<br \/>\n<strong>\u00bbHy Leoni\u00ab, 145m (4 SL), VI<\/strong><\/p>\n<p><em>Erstbegehung: Daniel Hirsch & Toni Abbattista, 2. M\u00e4rz 2011<br \/>\n\u2026 nach Vorarbeit mit Ralf B\u00f6hme und Hias P\u00f6verlein<\/em><\/p>\n<p>1. Seill\u00e4nge :\u00a0\u00a0\u00a0\u00a0\u00a0\u00a0\u00a0\u00a0\u00a0\u00a0 V+\u00a0\u00a0\u00a0\u00a0\u00a0 40 Meter mit \u00a0\u00a0\u00a0\u00a0\u00a0\u00a0\u00a0 6\u00a0 ZH<br \/>\n2. Seill\u00e4nge : \u00a0\u00a0\u00a0\u00a0\u00a0\u00a0\u00a0\u00a0\u00a0 VI\u00a0\u00a0\u00a0\u00a0\u00a0\u00a0 25 Meter mit \u00a0\u00a0\u00a0\u00a0\u00a0\u00a0\u00a0 7\u00a0 ZH + 1 Schlinge<br \/>\n3. Seill\u00e4nge : \u00a0\u00a0\u00a0\u00a0\u00a0\u00a0\u00a0\u00a0\u00a0 VI\u00a0\u00a0\u00a0\u00a0\u00a0\u00a0 40 Meter mit \u00a0\u00a0\u00a0\u00a0\u00a0\u00a0\u00a0 5\u00a0 ZH + 1 Schlinge<br \/>\n4. Seill\u00e4nge : \u00a0\u00a0\u00a0\u00a0\u00a0\u00a0\u00a0\u00a0\u00a0 VI\u00a0\u00a0\u00a0\u00a0\u00a0\u00a0 40 Meter mit \u00a0\u00a0\u00a0\u00a0\u00a0\u00a0\u00a0 9\u00a0 ZH (\u00a0Wandbuch\u00a0)<\/p>\n<p>alle St\u00e4nde mit jeweils 2 BH<\/p><\/blockquote>\n<p>Beim Zustieg haben wir uns etwas verhauen und sind eine extra Runde durch den \u201eZauberwald\u201c gelaufen, bevor wir den Wandfu\u00df angesteuert haben. Den Einstieg selbst haben wir dann aber doch relativ schnell gefunden.<\/p>\n<p>Trotz bew\u00f6lktem Himmel war es droben am Einstieg noch ausreichend warm.<\/p>\n<p>Die erste und zugleich leichteste [V+] von den vier SL ist ein gutes Aufw\u00e4rmprogramm mit sch\u00f6ner Platte. In der zweiten SL [VI] hei\u00dft es dann gleich piazen an einer kleinen Schuppe gefolgt von der ersten steilen Wandstelle. Der Start in die dritte SL [VI] \u2026 einfach nur geil! \u2026 der beherzte Zug \u00fcber die Wandstufe im Mittelteil der 3ten ist m.E. wohl die schwerste Einzelstelle der Route. Das gute kommt dann aber zum Schluss \u2026 die \u201eKamin-Verschneidung\u201c in der vierten SL [VI] sucht wohl in dieser Schwierigkeit und Absicherung seinesgleichen.<\/p>\n<p style=\"text-align: center;\">*** unsere 1. \u2013 dieses Jahr die 2. \u2013 und insgesamt die 18. Begehung ***<\/p>\n<p>Aller besten Dank an Daniel und die \u201eMiteinrichter\u201c der Route \u2026 saubere Arbeit \u2026 auch f\u00fcr unseren Geschmack bestens abgesichert.<\/p>\n<p>Im Anschluss an die Route ging es dann noch seilfrei [III] zum Gipfel, wo wir punkt 19:00 Uhr unsere Brotzeit genossen. Da wir unser ganzes Ger\u00f6del im Rucksack mitgeschleppt hatten, entschlossen wir uns aufgrund der doch etwas sp\u00e4teren Stunde \u00fcber den Normalweg abzusteigen \u2026 hier waren noch gr\u00f6\u00dfere, weiche Altschneefelder zu \u00fcberwinden \u2026 dies stellte jedoch kein gr\u00f6\u00dferes Problem dar.<\/p>\n<p>Tom<\/p>\n<p><strong>Hier noch ein paar Impressionen:<\/strong><\/p>\n<p><em>sch\u00f6ne Platte in der ersten SL<\/em><br \/>\n<img src=\"https:\/\/lh4.googleusercontent.com\/-WIikmp2BGK4\/T6UGKna8N1I\/AAAAAAAAPXw\/4cXBAaxYbI8\/s580\/20120504_Leonhardistein_162026.JPG\" alt=\"\" \/><\/p>\n<p><em>geniale \u201eKamin-Verschneidung\u201c in der vierten SL<\/em><br \/>\n<img src=\"https:\/\/lh6.googleusercontent.com\/-qzL8GW8koeI\/T6UGKIXIgAI\/AAAAAAAAPXo\/x9R11DMq3vI\/s580\/20120504_Leonhardistein_173630.JPG\" alt=\"\" \/><\/p>\n<p><em>Ruhe und Einsamkeit am Gipfel<\/em><br \/>\n<img src=\"https:\/\/lh6.googleusercontent.com\/-h9us8kanpHg\/T6UGJtL637I\/AAAAAAAAPXk\/_C5EfcAqQMY\/s580\/20120504_Leonhardistein_185321.JPG\" alt=\"\" \/><\/p>\n<div id=\"wp_fb_like_button\" style=\"margin:5px 5px 5px 0;float:left;height:100px;\"><script src=\"http:\/\/connect.facebook.net\/en_US\/all.js#xfbml=1\"><\/script><fb:like href=\"http:\/\/www.faszination-klettersteig.de\/wordpress\/2012\/05\/04\/leonhardstein-am-04-05-2012\/\" send=\"false\" layout=\"button_count\" width=\"400\" show_faces=\"true\" font=\"arial\" action=\"like\" colorscheme=\"dark\"><\/fb:like><\/div>","protected":false},"excerpt":{"rendered":"<p>Lange haben wir mit der Begehung gez\u00f6gert, gestern wurde es dann ganz spontan eine Nachmittagstour. Zustieg und Beschreibung zur \u00bbHy Leoni\u00ab sind auf bergundsteigen.de zu finden. Hier kurz das Wichtigste: Leonhardstein (1.452m), Linke S\u00fcdwand \u00bbHy Leoni\u00ab, 145m (4 SL), VI Erstbegehung: Daniel Hirsch &#038; Toni Abbattista, 2. M\u00e4rz 2011 \u2026 nach Vorarbeit mit Ralf B\u00f6hme&hellip;<\/p>\n","protected":false},"author":1,"featured_media":0,"comment_status":"closed","ping_status":"closed","sticky":false,"template":"","format":"standard","meta":{"_mi_skip_tracking":false},"categories":[221],"tags":[354,305],"_links":{"self":[{"href":"http:\/\/www.faszination-klettersteig.de\/wordpress\/wp-json\/wp\/v2\/posts\/1526"}],"collection":[{"href":"http:\/\/www.faszination-klettersteig.de\/wordpress\/wp-json\/wp\/v2\/posts"}],"about":[{"href":"http:\/\/www.faszination-klettersteig.de\/wordpress\/wp-json\/wp\/v2\/types\/post"}],"author":[{"embeddable":true,"href":"http:\/\/www.faszination-klettersteig.de\/wordpress\/wp-json\/wp\/v2\/users\/1"}],"replies":[{"embeddable":true,"href":"http:\/\/www.faszination-klettersteig.de\/wordpress\/wp-json\/wp\/v2\/comments?post=1526"}],"version-history":[{"count":1,"href":"http:\/\/www.faszination-klettersteig.de\/wordpress\/wp-json\/wp\/v2\/posts\/1526\/revisions"}],"predecessor-version":[{"id":2041,"href":"http:\/\/www.faszination-klettersteig.de\/wordpress\/wp-json\/wp\/v2\/posts\/1526\/revisions\/2041"}],"wp:attachment":[{"href":"http:\/\/www.faszination-klettersteig.de\/wordpress\/wp-json\/wp\/v2\/media?parent=1526"}],"wp:term":[{"taxonomy":"category","embeddable":true,"href":"http:\/\/www.faszination-klettersteig.de\/wordpress\/wp-json\/wp\/v2\/categories?post=1526"},{"taxonomy":"post_tag","embeddable":true,"href":"http:\/\/www.faszination-klettersteig.de\/wordpress\/wp-json\/wp\/v2\/tags?post=1526"}],"curies":[{"name":"wp","href":"https:\/\/api.w.org\/{rel}","templated":true}]}}