{"id":1471,"date":"2011-10-15T22:00:15","date_gmt":"2011-10-15T21:00:15","guid":{"rendered":"http:\/\/www.faszination-klettersteig.de\/wordpress\/?p=1471"},"modified":"2013-10-13T07:57:13","modified_gmt":"2013-10-13T06:57:13","slug":"klettersteig-buchau-am-15-10-2011","status":"publish","type":"post","link":"http:\/\/www.faszination-klettersteig.de\/wordpress\/2011\/10\/15\/klettersteig-buchau-am-15-10-2011\/","title":{"rendered":"Klettersteig Buchau (Dalfazer Wasserfall) am 15.10.2011"},"content":{"rendered":"<p>Jetzt gibt es von mir mal wieder eine \u201eNeuvorstellung\u201c.<\/p>\n<p>Nach einer stressigen Arbeitswoche sind wir am Samstag nicht wie gewollt in die G\u00e4nge gekommen und f\u00fcr gr\u00f6\u00dfere Unternehmungen war es dann nach dem zweiten Kaffee schon etwas zu sp\u00e4t \u2026 also was tun?<\/p>\n<p>Spontan fiel mir ein, dass im Rofan noch eine \u201epers\u00f6nliche Erstbegehung\u201c auf uns wartet.<\/p>\n<p>Dem Stefan Wierer, der auch schon beim Achenseer-5-Gipfel-Klettersteig mitgebohrt hat, hatte offensichtlich ein paar Meter Stahlseil \u00fcbrig und errichtete damit Anfang des Jahres ein kurzes \u201eTestpiece\u201c am Dalfazer Wasserfall.<\/p>\n<p><strong>Rahmendaten zum Klettersteig:<\/strong><br \/>\n<span style=\"text-decoration: underline;\">Name<\/span>: Klettersteig Buchau \u2026 am Dalfazer Wasserfall<br \/>\n<span style=\"text-decoration: underline;\">Schwierigkeit<\/span>: <strong>D<\/strong>; Mittelteil trotz Eisenb\u00fcgel sehr schwer und kraftig; ggf. weiter erschwert durch N\u00e4sse<br \/>\n<span style=\"text-decoration: underline;\">L\u00e4nge<\/span>: 85 Hm \/ ca. 120 Klettermeter<br \/>\n<span style=\"text-decoration: underline;\">Talort<\/span>: Buchau (935m) nord-westl. von Maurach am Achensee<br \/>\n<span style=\"text-decoration: underline;\">Parkplatz<\/span>: an Rieser\u2019s Kinderhotel Buchau (kostenpflichtig \/ 2 \u20ac f\u00fcr die ersten 3 Std. \u2013 reicht aus)<br \/>\n<span style=\"text-decoration: underline;\">Zustieg<\/span>: auf Fahrstra\u00dfe hinter dem Hotel bergauf, dann Wegweiser zum \u201eDalfazer Wasserfall\u201c (Weg 413) folgen<br \/>\n<span style=\"text-decoration: underline;\">erreichte(r) Gipfel<\/span>: keiner \/ Ausstieg auf ca. 1250m<br \/>\n<span style=\"text-decoration: underline;\">Zeiten<\/span>: Zustieg 35 Min. \/ Durchstieg 30 Min. \/ Abstieg 45 Min.<\/p>\n<p>Beim Zustieg mehrere markierte Abk\u00fcrzer entlang des Forstweges im unteren Teil. Am besten der Beschilderung zum Dalfazer Wasserfall folgen. Auf keinen Fall im Zustieg den Bach \u00fcberqueren, da man weiter oben momentan wegen dem Wasserstand nicht wieder auf die \u201erichtige\u201c Seite zur\u00fcck kommt \u2013 also IMMER rechts vom Bach bleiben. Unterhalb der Aussichtsplattform folgt man dann einfach dem Pfad bis rauf zum Einstieg an der Wand rechts vom Wasserfall.<\/p>\n<p>Der Klettersteig f\u00e4ngt relativ leicht an, wird aber ziemlich bald zu einer ernsten Angelegenheit. Komplette Klettersteigausr\u00fcstung erforderlich!<\/p>\n<p>Da noch nicht so bekannt und auch noch nirgends ausgeschrieben, findet sich noch einiges an Dreck und Erde in der Wand. Wird wohl aber sicherlich mit jeder Begehung besser.<\/p>\n<p>Nach dem Ausstieg einem Trampelpfad weiter nach oben folgen \u2013 \u00fcber den Stacheldrahtzaun dr\u00fcber und nach rechts zu den sichtbaren Seilen des Materiallifts. Dort trifft man auf den markierten H\u00fcttenzustieg der Dalfazalm.<\/p>\n<p>Wer noch weiter bergauf zur Dalfazalm will, sollte je nach Kondition ca. 45 \u2013 60 Min. einplanen.<\/p>\n<p><strong>Fazit:<\/strong><\/p>\n<p>Eine weite Anfahrt nur wegen dem (kurzen) Klettersteig lohnt sich nicht. Als Aufstiegsvariante zur Dalfaz-Alm und ggf. dar\u00fcber liegende Gipfel aber lohnenswert.<\/p>\n<p>Tom<\/p>\n<p><strong>Hier noch ein paar Impressionen:<\/strong><\/p>\n<p><img src=\"https:\/\/lh4.googleusercontent.com\/-oLghA03THp4\/TpoJYU9wAWI\/AAAAAAAAB-Q\/J3KM3eOWqHM\/s580\/20111015_Rotspitze_124240.jpg\" alt=\"\" \/><br \/>\n<img src=\"https:\/\/lh3.googleusercontent.com\/-B_27v0mIHdw\/TpoJYUD_WUI\/AAAAAAAAB-U\/xqyUorLEKX0\/s580\/20111015_Rotspitze_130647.JPG\" alt=\"\" \/><br \/>\n<img src=\"https:\/\/lh4.googleusercontent.com\/-hk6dmGwy_DI\/TpoJY38G6KI\/AAAAAAAAB-g\/Yw9amUBxcCc\/s580\/20111015_Rotspitze_131403_Ines.JPG\" alt=\"\" \/><br \/>\n<img src=\"https:\/\/lh6.googleusercontent.com\/-hPddBfNOxCs\/TpoJZue5O4I\/AAAAAAAAB-o\/Q38FacHWyQ8\/s580\/20111015_Rotspitze_131538.JPG\" alt=\"\" \/><br \/>\n<img src=\"https:\/\/lh3.googleusercontent.com\/-TvyVKYbsP4g\/TpoJZhU2ZGI\/AAAAAAAAB-w\/A6XI16JbNfA\/s580\/20111015_Rotspitze_132451.JPG\" alt=\"\" \/><br \/>\n<img src=\"https:\/\/lh6.googleusercontent.com\/-6-RnY8ug_KY\/TpoJabCavZI\/AAAAAAAAB-4\/jPDpw5UibWQ\/s580\/20111015_Rotspitze_173237.JPG\" alt=\"\" \/><\/p>\n<div id=\"wp_fb_like_button\" style=\"margin:5px 5px 5px 0;float:left;height:100px;\"><script src=\"http:\/\/connect.facebook.net\/en_US\/all.js#xfbml=1\"><\/script><fb:like href=\"http:\/\/www.faszination-klettersteig.de\/wordpress\/2011\/10\/15\/klettersteig-buchau-am-15-10-2011\/\" send=\"false\" layout=\"button_count\" width=\"400\" show_faces=\"true\" font=\"arial\" action=\"like\" colorscheme=\"dark\"><\/fb:like><\/div>","protected":false},"excerpt":{"rendered":"<p>Jetzt gibt es von mir mal wieder eine \u201eNeuvorstellung\u201c. Nach einer stressigen Arbeitswoche sind wir am Samstag nicht wie gewollt in die G\u00e4nge gekommen und f\u00fcr gr\u00f6\u00dfere Unternehmungen war es dann nach dem zweiten Kaffee schon etwas zu sp\u00e4t \u2026 also was tun? Spontan fiel mir ein, dass im Rofan noch eine \u201epers\u00f6nliche Erstbegehung\u201c auf&hellip;<\/p>\n","protected":false},"author":1,"featured_media":0,"comment_status":"closed","ping_status":"closed","sticky":false,"template":"","format":"standard","meta":{"_mi_skip_tracking":false},"categories":[137],"tags":[295,294,293,62],"_links":{"self":[{"href":"http:\/\/www.faszination-klettersteig.de\/wordpress\/wp-json\/wp\/v2\/posts\/1471"}],"collection":[{"href":"http:\/\/www.faszination-klettersteig.de\/wordpress\/wp-json\/wp\/v2\/posts"}],"about":[{"href":"http:\/\/www.faszination-klettersteig.de\/wordpress\/wp-json\/wp\/v2\/types\/post"}],"author":[{"embeddable":true,"href":"http:\/\/www.faszination-klettersteig.de\/wordpress\/wp-json\/wp\/v2\/users\/1"}],"replies":[{"embeddable":true,"href":"http:\/\/www.faszination-klettersteig.de\/wordpress\/wp-json\/wp\/v2\/comments?post=1471"}],"version-history":[{"count":1,"href":"http:\/\/www.faszination-klettersteig.de\/wordpress\/wp-json\/wp\/v2\/posts\/1471\/revisions"}],"predecessor-version":[{"id":2048,"href":"http:\/\/www.faszination-klettersteig.de\/wordpress\/wp-json\/wp\/v2\/posts\/1471\/revisions\/2048"}],"wp:attachment":[{"href":"http:\/\/www.faszination-klettersteig.de\/wordpress\/wp-json\/wp\/v2\/media?parent=1471"}],"wp:term":[{"taxonomy":"category","embeddable":true,"href":"http:\/\/www.faszination-klettersteig.de\/wordpress\/wp-json\/wp\/v2\/categories?post=1471"},{"taxonomy":"post_tag","embeddable":true,"href":"http:\/\/www.faszination-klettersteig.de\/wordpress\/wp-json\/wp\/v2\/tags?post=1471"}],"curies":[{"name":"wp","href":"https:\/\/api.w.org\/{rel}","templated":true}]}}