{"id":1428,"date":"2011-08-22T22:00:50","date_gmt":"2011-08-22T21:00:50","guid":{"rendered":"http:\/\/www.faszination-klettersteig.de\/wordpress\/?p=1428"},"modified":"2013-10-13T07:57:13","modified_gmt":"2013-10-13T06:57:13","slug":"alpspitz-challenge-am-22-08-2011","status":"publish","type":"post","link":"http:\/\/www.faszination-klettersteig.de\/wordpress\/2011\/08\/22\/alpspitz-challenge-am-22-08-2011\/","title":{"rendered":"\u00bbAlpspitz-Challenge\u00ab am 22.08.2011"},"content":{"rendered":"<p>Gestern bin ich \u2013 <em>mangels Tourenpartner<\/em> \u2013 zu meiner j\u00e4hrlichen \u201eWo liegen meine Grenzen\u201c-Solo-Touren aufgebrochen \u2026 der diesj\u00e4hrige Titel der Tour:<\/p>\n<p style=\"text-align: center;\">\u00bb<strong>Alpspitz-Challenge<\/strong>\u00ab.<\/p>\n<p>Start war, nach Auffahrt mit der ersten Bahn, am Osterfelderkopf. Mit mir standen ca. 15 weitere Personen in der Gondel. Nach dem Ausstieg an der Bergstation ging es schnellen Schrittes den Fahrweg Richtung Hochalm runter. Keiner der anderen folgte mir \u2026 die haben alle gleich in Richtung Alpspitze eingeschlagen \u2026 sehr sch\u00f6n. Es war also keiner vor und keiner hinter mir. Ich h\u00e4tte somit eigentlich auch nicht hetzen m\u00fcssen, aber es sollte ja eine sportliche Solo-Runde werden \u2026 und so zog ich mich bereits nach 20 Minuten fertig \u201eangegurtet\u201c vom Einstieg des \u00bbMauerl\u00e4ufersteigs\u00ab am straff gespannten Stahlseil nach oben.<\/p>\n<p>Obwohl ich diesmal eigentlich noch richtig fit war \u2026 und nicht \u2013 <em>so wie beim letzten mal<\/em> \u2013 schon \u00fcber 1.000 Hm MTB-Auffahrt in den Beinen hatte \u2026 war der Steig in keinem Fall leichter. Ganz im Gegenteil! Immer wieder Wahnsinn, wie es hier zur Sache geht \u2026 und eine Frechheit, dass am Einstieg immer noch offiziell die Bewertung \u201eD\u201c steht.<\/p>\n<p>Einzig und allein das Wetter war heute auf meiner Seite. Letztes mal war es kalt und nass \u2013 heute warm und trocken. Mehr mit Armkraft als mit Technik schraubte ich mich Richtung Ausstieg empor. Auch wenn mir die \u201eArbeit\u201c im Steig wieder wie eine Ewigkeit vorkam, so blieb die Uhr am Gipfelkreuz doch schon bei 47 Minuten stehen \u2026 und die Zeit war inklusive ein paar Fotopausen. Zur Belohnung gab es 5 Minuten Pause in der ich mir einen Powerriegel und ein isotonisches Kaltgetr\u00e4nk aus dem Rucksack g\u00f6nnte.<\/p>\n<p>Anschlie\u00dfend ging es mehr oder weniger im Schweinsgalopp \u00fcber den \u00bbNordwandsteig\u00ab zur\u00fcck in Richtung Osterfelderkopf.<\/p>\n<p>Am Einstieg der \u00bbAlpspitz-Ferrata\u00ab habe ich mich dann zun\u00e4chst sch\u00f6n brav hinten angestellt. Erst als ich bei den gerade laufenden Dreharbeiten des ZDF nach der zweiten langen Sprossenwand brav in die Kamera gel\u00e4chelt hatte, begann ich mit dem \u00dcberholvorgang. Bis zum Gipfel waren es noch gez\u00e4hlte 61 Personen, die zeitgleich mit mir zum Gipfel unterwegs waren und oftmals nur ein Kopfsch\u00fctteln f\u00fcr mich \u00fcbrig hatten.<\/p>\n<p>Am h\u00f6chsten Punkt (also nicht am Gipfelkreuz) der Alpspitze gab es dann endlich eine l\u00e4ngere Pause und die wohlverdiente Gipfelbrotzeit. Meine Blicke streiften \u00fcber den \u00bbJubigrat\u00ab zur Zugspitze \u2026 auch wenn ich nur schwer der Versuchung widerstehen konnte \u2026 es war einfach schon zu sp\u00e4t daf\u00fcr \u2026 schade! Es ging f\u00fcr mich also im Abstieg nur bis zur Grieskarscharte und dann scharf nach rechts hinab \u00fcber den versicherten Steig ins Matheisenkar \u2026 auch sehr sch\u00f6n!<\/p>\n<p>Leider war es dann im Kar doch nicht so schattig wie ich vermutet hatte und so wurden meine Schritte in Richtung Skiwasser-Ma\u00df auf der H\u00f6llentalangerh\u00fctte immer schneller. Nach dem Ausgleich meines Fl\u00fcssigkeitshaushalt war der weitere Abstieg durch die H\u00f6llentalklamm und zur\u00fcck zum Parkplatz dann keine gro\u00dfe Sache mehr.<\/p>\n<p><strong>Tourenverlauf:<\/strong><br \/>\nOsterfelderkopf \u2013 \u00bbMauerl\u00e4ufersteig\u00ab \u2013 Bernadeinkopf (2.143m) \u2013 \u00bbNordwandsteig\u00ab \u2013 \u00bbAlpspitz-Ferrata\u00ab \u2013 Alpspitze (2.628m) \u2013 Grie\u00dfkarscharte \u2013 Matheisenkar(-steig) \u2013 H\u00f6llentalangerh\u00fctte (1.381m) \u2013 H\u00f6llentalklamm \u2013 Parkplatz Alpspitzbahn.<\/p>\n<p><strong>Zusammengefasst:<\/strong><br \/>\n4 Steige, 900 Hm im Aufstieg und 2100 Hm im Abstieg auf 17,5 km.<\/p>\n<p>Trotz br\u00fctender Hitze stand am Ende eine Zeit von 6:38 Stunden (inkl. Pausen sowie \u201eStauzeiten\u201c in der Alpspitz-Ferrata).<\/p>\n<p>Tom<\/p>\n<p><strong>Tourenbeschreibungen auf bergsteigen.at:<\/strong><\/p>\n<p><a href=\"http:\/\/www.bergsteigen.at\/de\/touren.aspx?ID=2043\" target=\"_blank\">\u00bbMauerl\u00e4ufersteig\u00ab<\/a><br \/>\n<a href=\"http:\/\/www.bergsteigen.at\/de\/touren.aspx?ID=1674\" target=\"_blank\">\u00bbAlpspitz-Ferrata\u00ab<\/a><\/p>\n<p><strong>Hier noch ein paar Impressionen:<\/strong><\/p>\n<p><embed type=\"application\/x-shockwave-flash\" src=\"https:\/\/picasaweb.google.com\/s\/c\/bin\/slideshow.swf\" width=\"580\" height=\"420\" flashvars=\"host=picasaweb.google.com&captions=1&noautoplay=1&hl=de&feat=flashalbum&RGB=0x000000&feed=https%3A%2F%2Fpicasaweb.google.com%2Fdata%2Ffeed%2Fapi%2Fuser%2F100683267088751241506%2Falbumid%2F5653786370109638673%3Falt%3Drss%26kind%3Dphoto%26authkey%3DGv1sRgCJqaqZO4ivG3pQE%26hl%3Dde\" pluginspage=\"http:\/\/www.macromedia.com\/go\/getflashplayer\"\/><\/p>\n<div id=\"wp_fb_like_button\" style=\"margin:5px 5px 5px 0;float:left;height:100px;\"><script src=\"http:\/\/connect.facebook.net\/en_US\/all.js#xfbml=1\"><\/script><fb:like href=\"http:\/\/www.faszination-klettersteig.de\/wordpress\/2011\/08\/22\/alpspitz-challenge-am-22-08-2011\/\" send=\"false\" layout=\"button_count\" width=\"400\" show_faces=\"true\" font=\"arial\" action=\"like\" colorscheme=\"dark\"><\/fb:like><\/div>","protected":false},"excerpt":{"rendered":"<p>Gestern bin ich \u2013 mangels Tourenpartner \u2013 zu meiner j\u00e4hrlichen \u201eWo liegen meine Grenzen\u201c-Solo-Touren aufgebrochen \u2026 der diesj\u00e4hrige Titel der Tour: \u00bbAlpspitz-Challenge\u00ab. Start war, nach Auffahrt mit der ersten Bahn, am Osterfelderkopf. Mit mir standen ca. 15 weitere Personen in der Gondel. Nach dem Ausstieg an der Bergstation ging es schnellen Schrittes den Fahrweg Richtung&hellip;<\/p>\n","protected":false},"author":1,"featured_media":0,"comment_status":"closed","ping_status":"closed","sticky":false,"template":"","format":"standard","meta":{"_mi_skip_tracking":false},"categories":[139,137],"tags":[109,108,106,105,288],"_links":{"self":[{"href":"http:\/\/www.faszination-klettersteig.de\/wordpress\/wp-json\/wp\/v2\/posts\/1428"}],"collection":[{"href":"http:\/\/www.faszination-klettersteig.de\/wordpress\/wp-json\/wp\/v2\/posts"}],"about":[{"href":"http:\/\/www.faszination-klettersteig.de\/wordpress\/wp-json\/wp\/v2\/types\/post"}],"author":[{"embeddable":true,"href":"http:\/\/www.faszination-klettersteig.de\/wordpress\/wp-json\/wp\/v2\/users\/1"}],"replies":[{"embeddable":true,"href":"http:\/\/www.faszination-klettersteig.de\/wordpress\/wp-json\/wp\/v2\/comments?post=1428"}],"version-history":[{"count":1,"href":"http:\/\/www.faszination-klettersteig.de\/wordpress\/wp-json\/wp\/v2\/posts\/1428\/revisions"}],"predecessor-version":[{"id":2016,"href":"http:\/\/www.faszination-klettersteig.de\/wordpress\/wp-json\/wp\/v2\/posts\/1428\/revisions\/2016"}],"wp:attachment":[{"href":"http:\/\/www.faszination-klettersteig.de\/wordpress\/wp-json\/wp\/v2\/media?parent=1428"}],"wp:term":[{"taxonomy":"category","embeddable":true,"href":"http:\/\/www.faszination-klettersteig.de\/wordpress\/wp-json\/wp\/v2\/categories?post=1428"},{"taxonomy":"post_tag","embeddable":true,"href":"http:\/\/www.faszination-klettersteig.de\/wordpress\/wp-json\/wp\/v2\/tags?post=1428"}],"curies":[{"name":"wp","href":"https:\/\/api.w.org\/{rel}","templated":true}]}}