{"id":109,"date":"2010-12-04T22:00:10","date_gmt":"2010-12-04T21:00:10","guid":{"rendered":"http:\/\/www.faszination-klettersteig.de\/wordpress\/?p=109"},"modified":"2013-10-13T07:58:01","modified_gmt":"2013-10-13T06:58:01","slug":"trainsjoch-am-04-12-2010","status":"publish","type":"post","link":"http:\/\/www.faszination-klettersteig.de\/wordpress\/2010\/12\/04\/trainsjoch-am-04-12-2010\/","title":{"rendered":"Trainsjoch am 04.12.2010"},"content":{"rendered":"<p>Nachdem gestern noch im Internet zu lesen war, dass selbst die Schneeverh\u00e4ltnisse in den Kitzb\u00fchelern zu w\u00fcnschen \u00fcbrig lassen (au\u00dfer auf den Pisten nat\u00fcrlich), blieben bei uns heute alle \u201eGer\u00e4tschaften\u201c zuhause.<\/p>\n<p>Los ging es bei minus 8\u00b0 C (brrrr \u2013 teilweise kam es mir noch k\u00e4lter vor) am Parkplatz Trockenbachtal an der St2075 \/ L37 zwischen Bayrischzell und Landl.<br \/>\nZur Motivation ist unten am Parkplatz schon die \u201eEinkehr\u201c angeschrieben \u2026 <a href=\"http:\/\/www.mariandlalm.at\" target=\"_blank\">www.mariandlalm.at<\/a> \u2026<\/p>\n<img src=\"http:\/\/lh5.ggpht.com\/_DaV8xPOL83A\/TPqIDXdd1rI\/AAAAAAAAN-M\/9smMuNbplGc\/20101204103627_P1070590.jpg\" alt=\"\" \/>\n<p>Zun\u00e4chst folgt man dem Forstweg aufw\u00e4rts \u2026 nach ca. 25 Minuten kann man diesen verlassen (Beschilderung) und auf k\u00fcrzeren Fu\u00dfweg weiter in Richtung Trockenbachalm marschieren \u2026<\/p>\n<img src=\"http:\/\/lh3.ggpht.com\/_DaV8xPOL83A\/TPqIEdxnupI\/AAAAAAAAN-Q\/psA27xYbLKw\/20101204110015_P1070594.jpg\" alt=\"\" \/>\n<p>Im Schnee haben wir uns heute erlaubt etwas abzuk\u00fcrzen und einen direkteren Weg zu nehmen. Ab der Mariandlalm ging es dann weiter in n\u00f6rdliche Richtung (am Fahnenmasten nach links \/ Nesselberg) und \u00fcber den steileren Weg vom Westen her Richtung Trainsjoch. Viele waren da \u2013 seitdem Schnee liegt \u2013 nicht unterwegs \u2026<\/p>\n<p><img src=\"http:\/\/lh4.ggpht.com\/_DaV8xPOL83A\/TPqIFOxh_nI\/AAAAAAAAN-U\/-i6q6TEE6xI\/20101204122132_P1070614.jpg\" alt=\"\" \/><br \/>\n\u00a0<br \/>\n<img src=\"http:\/\/lh6.ggpht.com\/_DaV8xPOL83A\/TPqIF3pgzCI\/AAAAAAAAN-Y\/2GMYWL5KPA8\/20101204122358_P1070616.jpg\" alt=\"\" \/><\/p>\n<p>Nach einem kurzen flachen Teilst\u00fcck wird es \u2013 je h\u00f6her man kommt \u2013 immer steiler. Auf der Beschilderung an der Mariandlalm steht \u201eTrittsicherheit erforderlich\u201c \u2026 da kann ich nicht viel dazu sagen, da ich den Weg nur bei winterlichen Verh\u00e4ltnissen kenne, aber man sollte schon wissen, was man macht\u00a0\u2026<\/p>\n<img src=\"http:\/\/lh5.ggpht.com\/_DaV8xPOL83A\/TPqIGWBtBDI\/AAAAAAAAN-c\/mlhrJ5YmXlM\/20101204130304_P1070630.jpg\" alt=\"\" \/>\n<p>Der Gipfel taucht auf \u2026<\/p>\n<img src=\"http:\/\/lh3.ggpht.com\/_DaV8xPOL83A\/TPqIHk2CcKI\/AAAAAAAAN-g\/5tAtMVP6vPY\/20101204132459_P1070639.jpg\" alt=\"\" \/>\n<p>Beim spuren \u2026<\/p>\n<img src=\"http:\/\/lh5.ggpht.com\/_DaV8xPOL83A\/TPqIIqBA9JI\/AAAAAAAAN-k\/5Ff-UbNd13I\/20101204132914_P1010637i.jpg\" alt=\"\" \/>\n<p>Der Kaiser dick eingeh\u00fcllt \u2026<\/p>\n<img src=\"http:\/\/lh6.ggpht.com\/_DaV8xPOL83A\/TPqIJBybPsI\/AAAAAAAAN-o\/yk_0nNSqVms\/20101204134643_P1070655.jpg\" alt=\"\" \/>\n<p>Abstieg erfolgte auf gleichem Weg (da jetzt ja schon gespurt) \u2026 man sollte die Uhrzeit im Auge behalten \u2026 es wird mittlerweile ziemlich fr\u00fch dunkel. Einkehr auf der Mariandlalm empfehlenswert \u2026 gem\u00fctliche Stube \u2026 Kamin eingeheizt \u2026 Kaffee gut \u2013 Gl\u00fchwein gibts auch.<\/p>\n<img src=\"http:\/\/lh3.ggpht.com\/_DaV8xPOL83A\/TPqIJptWAjI\/AAAAAAAAN-s\/0ZDvhTdle8k\/20101204153031_P1070671.jpg\" alt=\"\" \/>\n<p>Insgesamt immer wieder eine sch\u00f6ne Tour. Zitat von Ines: \u201egem\u00fctlich-anstrengende Runde\u201c.<\/p>\n<p>Wer keine Lust dazu hat seine Ski gleich am Anfang des Winters zu zerst\u00f6ren \u2026 wir haben f\u00fcr \u201eFu\u00dfg\u00e4nger\u201c eine gute Schneise durch ca. 30 \u2013 40 cm Pulver bis zum Gipfel gefr\u00e4st \u2026 der Weg sollte jetzt nicht mehr zu verfehlen sein.<\/p>\n<p><em>+++ gute 900 Hm auf ca. 9 km +++<\/em><\/p>\n<p>Tom<\/p>\n<div id=\"wp_fb_like_button\" style=\"margin:5px 5px 5px 0;float:left;height:100px;\"><script src=\"http:\/\/connect.facebook.net\/en_US\/all.js#xfbml=1\"><\/script><fb:like href=\"http:\/\/www.faszination-klettersteig.de\/wordpress\/2010\/12\/04\/trainsjoch-am-04-12-2010\/\" send=\"false\" layout=\"button_count\" width=\"400\" show_faces=\"true\" font=\"arial\" action=\"like\" colorscheme=\"dark\"><\/fb:like><\/div>","protected":false},"excerpt":{"rendered":"<p>Nachdem gestern noch im Internet zu lesen war, dass selbst die Schneeverh\u00e4ltnisse in den Kitzb\u00fchelern zu w\u00fcnschen \u00fcbrig lassen (au\u00dfer auf den Pisten nat\u00fcrlich), blieben bei uns heute alle \u201eGer\u00e4tschaften\u201c zuhause. Los ging es bei minus 8\u00b0 C (brrrr \u2013 teilweise kam es mir noch k\u00e4lter vor) am Parkplatz Trockenbachtal an der St2075 \/ L37&hellip;<\/p>\n","protected":false},"author":1,"featured_media":0,"comment_status":"closed","ping_status":"closed","sticky":false,"template":"","format":"standard","meta":{"_mi_skip_tracking":false},"categories":[139],"tags":[26,27],"_links":{"self":[{"href":"http:\/\/www.faszination-klettersteig.de\/wordpress\/wp-json\/wp\/v2\/posts\/109"}],"collection":[{"href":"http:\/\/www.faszination-klettersteig.de\/wordpress\/wp-json\/wp\/v2\/posts"}],"about":[{"href":"http:\/\/www.faszination-klettersteig.de\/wordpress\/wp-json\/wp\/v2\/types\/post"}],"author":[{"embeddable":true,"href":"http:\/\/www.faszination-klettersteig.de\/wordpress\/wp-json\/wp\/v2\/users\/1"}],"replies":[{"embeddable":true,"href":"http:\/\/www.faszination-klettersteig.de\/wordpress\/wp-json\/wp\/v2\/comments?post=109"}],"version-history":[{"count":1,"href":"http:\/\/www.faszination-klettersteig.de\/wordpress\/wp-json\/wp\/v2\/posts\/109\/revisions"}],"predecessor-version":[{"id":2092,"href":"http:\/\/www.faszination-klettersteig.de\/wordpress\/wp-json\/wp\/v2\/posts\/109\/revisions\/2092"}],"wp:attachment":[{"href":"http:\/\/www.faszination-klettersteig.de\/wordpress\/wp-json\/wp\/v2\/media?parent=109"}],"wp:term":[{"taxonomy":"category","embeddable":true,"href":"http:\/\/www.faszination-klettersteig.de\/wordpress\/wp-json\/wp\/v2\/categories?post=109"},{"taxonomy":"post_tag","embeddable":true,"href":"http:\/\/www.faszination-klettersteig.de\/wordpress\/wp-json\/wp\/v2\/tags?post=109"}],"curies":[{"name":"wp","href":"https:\/\/api.w.org\/{rel}","templated":true}]}}